{"id":26698,"date":"2016-08-14T16:01:32","date_gmt":"2016-08-14T16:01:32","guid":{"rendered":"http:\/\/plazajuarez.mx\/index\/index.php\/2016\/08\/14\/cuando-ana-torroja-olvida-la-letra-en-conciertos-sus-fans-le-ayudan\/"},"modified":"2016-08-14T16:01:32","modified_gmt":"2016-08-14T16:01:32","slug":"cuando-ana-torroja-olvida-la-letra-en-conciertos-sus-fans-le-ayudan","status":"publish","type":"post","link":"https:\/\/plazajuarez.mx\/historico\/cuando-ana-torroja-olvida-la-letra-en-conciertos-sus-fans-le-ayudan\/","title":{"rendered":"Cuando Ana Torroja olvida la letra en conciertos sus fans le ayudan"},"content":{"rendered":"<p dir=\"ltr\" style=\"line-height: 1.2; margin-top: 0pt; margin-bottom: 0pt;\">\u00a0<\/p>\n<ul style=\"margin-top: 0pt; margin-bottom: 0pt;\">\n<li dir=\"ltr\" style=\"list-style-type: disc; font-size: 36px; font-family: Arial; color: #333333; background-color: transparent; font-weight: bold; font-style: normal; font-variant: normal; text-decoration: none; vertical-align: baseline;\">\n<p dir=\"ltr\" style=\"line-height: 1.2; margin-top: 0pt; margin-bottom: 0pt;\"><span style=\"font-size: 13.333333333333332px; font-family: Roboto; color: #333333; background-color: transparent; font-weight: 400; font-style: normal; font-variant: normal; text-decoration: none; vertical-align: baseline; white-space: pre-wrap;\">Ana Torroja no est\u00e1 exenta de olvidos en letras de canciones, pero cuando pasa eso, sus fans la ayudan sin problema<\/span><\/p>\n<p>  <!--more--> <\/li>\n<\/ul>\n<p><b id=\"docs-internal-guid-1f2b4784-89c9-83e3-7841-210dae07d41b\" style=\"font-weight: normal;\">\u00a0<\/b><\/p>\n<p dir=\"ltr\" style=\"line-height: 1.295; margin-top: 0pt; margin-bottom: 7.5pt;\"><span style=\"font-size: 13.333333333333332px; font-family: Roboto; color: #333333; background-color: #ffffff; font-weight: 400; font-style: normal; font-variant: normal; text-decoration: none; vertical-align: baseline; white-space: pre-wrap;\">Con m\u00e1s de 30 a\u00f1os sobre el escenario, Ana Torroja no est\u00e1 exenta de olvidos en letras de canciones, pero cuando pasa eso, sus fans la ayudan sin problema.<\/span><span style=\"font-size: 13.333333333333332px; font-family: Roboto; color: #333333; background-color: transparent; font-weight: 400; font-style: normal; font-variant: normal; text-decoration: none; vertical-align: baseline; white-space: pre-wrap;\"><br class=\"kix-line-break\" \/><\/span><span style=\"font-size: 13.333333333333332px; font-family: Roboto; color: #333333; background-color: #ffffff; font-weight: 400; font-style: normal; font-variant: normal; text-decoration: none; vertical-align: baseline; white-space: pre-wrap;\">La int\u00e9rprete de \u201cAire\u201d y \u201cCruz de navajas\u201d se alista para un recital en el Auditorio Nacional el pr\u00f3ximo 22 de septiembre.<\/span><span style=\"font-size: 13.333333333333332px; font-family: Roboto; color: #333333; background-color: transparent; font-weight: 400; font-style: normal; font-variant: normal; text-decoration: none; vertical-align: baseline; white-space: pre-wrap;\"><br class=\"kix-line-break\" \/><\/span><span style=\"font-size: 13.333333333333332px; font-family: Roboto; color: #333333; background-color: #ffffff; font-weight: 400; font-style: normal; font-variant: normal; text-decoration: none; vertical-align: baseline; white-space: pre-wrap;\">\u201cCuando ha pasado eso, mi p\u00fablico s\u00ed se da cuenta (risas). Cuando pasa eso yo los miro y me gesticulan para decirme por d\u00f3nde voy. Hay canciones como \u201cHijo de la luna\u201d o \u201cCruz de navajas\u201d que cuenta una historia y cuando te l\u00edas, te descolocas. Y me r\u00edo al final\u201d, detalla a pregunta expresa.<\/span><span style=\"font-size: 13.333333333333332px; font-family: Roboto; color: #333333; background-color: transparent; font-weight: 400; font-style: normal; font-variant: normal; text-decoration: none; vertical-align: baseline; white-space: pre-wrap;\"><br class=\"kix-line-break\" \/><\/span><span style=\"font-size: 13.333333333333332px; font-family: Roboto; color: #333333; background-color: #ffffff; font-weight: 400; font-style: normal; font-variant: normal; text-decoration: none; vertical-align: baseline; white-space: pre-wrap;\">&#8211; Dice Tania Libertad que hay canciones como \u201cAlfonsina y el mar\u201d que cada vez cuesta m\u00e1s trabajo interpretarla, por la cantidad de veces que lo hace, \u00bfte pasa algo as\u00ed?<\/span><span style=\"font-size: 13.333333333333332px; font-family: Roboto; color: #333333; background-color: transparent; font-weight: 400; font-style: normal; font-variant: normal; text-decoration: none; vertical-align: baseline; white-space: pre-wrap;\"><br class=\"kix-line-break\" \/><\/span><span style=\"font-size: 13.333333333333332px; font-family: Roboto; color: #333333; background-color: #ffffff; font-weight: 400; font-style: normal; font-variant: normal; text-decoration: none; vertical-align: baseline; white-space: pre-wrap;\">&#8211; Canto las que me siguen emocionando. A m\u00ed me cuesta mucho cantar las que ya no siento, que en su momento s\u00ed, como \u201cEl blues del esclavo\u201d o \u201cBailando salsa\u201d, son canciones que tuvieron en su momento su gracia, pero no eran mis favoritas y son buenas canciones, pero creo hay otras que cada d\u00eda est\u00e1n vivas con nuevas generaciones.<\/span><span style=\"font-size: 13.333333333333332px; font-family: Roboto; color: #333333; background-color: transparent; font-weight: 400; font-style: normal; font-variant: normal; text-decoration: none; vertical-align: baseline; white-space: pre-wrap;\"><br class=\"kix-line-break\" \/><\/span><span style=\"font-size: 13.333333333333332px; font-family: Roboto; color: #333333; background-color: #ffffff; font-weight: 400; font-style: normal; font-variant: normal; text-decoration: none; vertical-align: baseline; white-space: pre-wrap;\">&#8211; Te presentas el mes pr\u00f3ximamente en el Auditorio Nacional \u00bfpero qu\u00e9 pasa por tu mente antes de un concierto? Los actores dicen que quisieran estar en casa, antes de subir a una funci\u00f3n en teatro.<\/span><span style=\"font-size: 13.333333333333332px; font-family: Roboto; color: #333333; background-color: transparent; font-weight: 400; font-style: normal; font-variant: normal; text-decoration: none; vertical-align: baseline; white-space: pre-wrap;\"><br class=\"kix-line-break\" \/><\/span><span style=\"font-size: 13.333333333333332px; font-family: Roboto; color: #333333; background-color: #ffffff; font-weight: 400; font-style: normal; font-variant: normal; text-decoration: none; vertical-align: baseline; white-space: pre-wrap;\">&#8211; (Risas) \u00a1Me gustar\u00eda ser p\u00fablico!. Minutos antes parezco le\u00f3n encerrado, mi profesor de canto me ha dicho que respire y me da un t\u00e9, pero no puedo sentarme y relajarme. Doy vueltas, suelto aire, pensando que debe salir bien todo. Hasta la segunda o tercera canci\u00f3n no me relajo. Es el miedo a no saber lo que puede pasar.<\/span><\/p>\n<p><b style=\"font-weight: normal;\">\u00a0<\/b><\/p>\n<p dir=\"ltr\" style=\"line-height: 1.2; margin-top: 0pt; margin-bottom: 0pt;\"><span style=\"font-size: 13.333333333333332px; font-family: Roboto; color: #333333; background-color: transparent; font-weight: 400; font-style: normal; font-variant: normal; text-decoration: none; vertical-align: baseline; white-space: pre-wrap;\">LA INT\u00c9RPRETE DE \u201cAIRE\u201d Y \u201cCRUZ DE NAVAJAS\u201d SE ALISTA PARA UN RECITAL EN EL AUDITORIO NACIONAL EL PR\u00d3XIMO 22 DE SEPTIEMBRE<\/span><\/p>\n<p>\u00a0<\/p>\n","protected":false},"excerpt":{"rendered":"<p>\u00a0 Ana Torroja no est\u00e1 exenta de olvidos en letras de canciones, pero cuando pasa eso, sus fans la ayudan sin problema<\/p>\n","protected":false},"author":3,"featured_media":0,"comment_status":"open","ping_status":"open","sticky":false,"template":"","format":"standard","meta":{"footnotes":""},"categories":[38],"tags":[],"class_list":["post-26698","post","type-post","status-publish","format-standard","hentry","category-show"],"_links":{"self":[{"href":"https:\/\/plazajuarez.mx\/historico\/wp-json\/wp\/v2\/posts\/26698","targetHints":{"allow":["GET"]}}],"collection":[{"href":"https:\/\/plazajuarez.mx\/historico\/wp-json\/wp\/v2\/posts"}],"about":[{"href":"https:\/\/plazajuarez.mx\/historico\/wp-json\/wp\/v2\/types\/post"}],"author":[{"embeddable":true,"href":"https:\/\/plazajuarez.mx\/historico\/wp-json\/wp\/v2\/users\/3"}],"replies":[{"embeddable":true,"href":"https:\/\/plazajuarez.mx\/historico\/wp-json\/wp\/v2\/comments?post=26698"}],"version-history":[{"count":0,"href":"https:\/\/plazajuarez.mx\/historico\/wp-json\/wp\/v2\/posts\/26698\/revisions"}],"wp:attachment":[{"href":"https:\/\/plazajuarez.mx\/historico\/wp-json\/wp\/v2\/media?parent=26698"}],"wp:term":[{"taxonomy":"category","embeddable":true,"href":"https:\/\/plazajuarez.mx\/historico\/wp-json\/wp\/v2\/categories?post=26698"},{"taxonomy":"post_tag","embeddable":true,"href":"https:\/\/plazajuarez.mx\/historico\/wp-json\/wp\/v2\/tags?post=26698"}],"curies":[{"name":"wp","href":"https:\/\/api.w.org\/{rel}","templated":true}]}}