{"id":26697,"date":"2016-08-14T16:00:57","date_gmt":"2016-08-14T16:00:57","guid":{"rendered":"http:\/\/plazajuarez.mx\/index\/index.php\/2016\/08\/14\/lucia-mendez-y-yuri-sacan-sus-trapitos-al-sol\/"},"modified":"2016-08-14T16:00:57","modified_gmt":"2016-08-14T16:00:57","slug":"lucia-mendez-y-yuri-sacan-sus-trapitos-al-sol","status":"publish","type":"post","link":"https:\/\/plazajuarez.mx\/historico\/lucia-mendez-y-yuri-sacan-sus-trapitos-al-sol\/","title":{"rendered":"LUC\u00cdA M\u00c9NDEZ Y YURI SACAN SUS \u201cTRAPITOS AL SOL\u201d"},"content":{"rendered":"<p dir=\"ltr\" style=\"line-height: 1.2; margin-top: 0pt; margin-bottom: 0pt;\">\u00a0<\/p>\n<ul style=\"margin-top: 0pt; margin-bottom: 0pt;\">\n<li dir=\"ltr\" style=\"list-style-type: disc; font-size: 17.333333333333332px; font-family: Arial; color: #000000; background-color: transparent; font-weight: 400; font-style: normal; font-variant: normal; text-decoration: none; vertical-align: baseline;\">\n<p dir=\"ltr\" style=\"line-height: 1.2; margin-top: 0pt; margin-bottom: 0pt;\"><span style=\"font-size: 17.333333333333332px; font-family: Roboto; color: #333333; background-color: transparent; font-weight: 400; font-style: normal; font-variant: normal; text-decoration: none; vertical-align: baseline; white-space: pre-wrap;\">Hace unos d\u00edas, tras ser abordada por la prensa y cuestionada al respecto, la int\u00e9rprete de \u201cInvencible\u201d realiz\u00f3 una serie de declaraciones que no le cayeron bien a la &#8220;Diva de las telenovelas\u201d<\/span><\/p>\n<p>  <!--more-->  <\/p>\n<p dir=\"ltr\" style=\"line-height: 1.2; margin-top: 0pt; margin-bottom: 0pt;\"><span style=\"font-size: 17.333333333333332px; font-family: Roboto; color: #333333; background-color: transparent; font-weight: 400; font-style: normal; font-variant: normal; text-decoration: none; vertical-align: baseline; white-space: pre-wrap;\"><br class=\"kix-line-break\" \/><br class=\"kix-line-break\" \/><\/span><\/p>\n<\/li>\n<\/ul>\n<p dir=\"ltr\" style=\"line-height: 1.295; margin-top: 0pt; margin-bottom: 7.5pt;\"><span style=\"font-size: 13.333333333333332px; font-family: Roboto; color: #333333; background-color: transparent; font-weight: 400; font-style: normal; font-variant: normal; text-decoration: none; vertical-align: baseline; white-space: pre-wrap;\">La pelea entre las cantantes Yuri y Luc\u00eda M\u00e9ndez parece no tener fin y es que, hace unos d\u00edas, tras ser abordada por la prensa y cuestionada al respecto, la int\u00e9rprete de \u201cInvencible\u201d realiz\u00f3 una serie de declaraciones que no le cayeron bien a la &#8220;Diva de las telenovelas\u201d.<\/span><span style=\"font-size: 13.333333333333332px; font-family: Roboto; color: #333333; background-color: transparent; font-weight: 400; font-style: normal; font-variant: normal; text-decoration: none; vertical-align: baseline; white-space: pre-wrap;\"><br class=\"kix-line-break\" \/><\/span><span style=\"font-size: 13.333333333333332px; font-family: Roboto; color: #333333; background-color: transparent; font-weight: 400; font-style: normal; font-variant: normal; text-decoration: none; vertical-align: baseline; white-space: pre-wrap;\">Luego de que un reportero le sugiriera una colaboraci\u00f3n de ambas, Yuri respondi\u00f3 con una negativa, adem\u00e1s de se\u00f1alar que las edades son distintas, \u201cyo tengo 52 a\u00f1os y Luc\u00eda tiene sesenta y tantos a\u00f1os. Luc\u00eda es una mujer ya muy mayor, no viejita, aclaro, porque despu\u00e9s la gente dice que Yuri dijo, Luc\u00eda tiene m\u00e1s de 50 a\u00f1os, obviamente, pero m\u00e1s sin embargo se conserva bien y ya se ha hecho sus arreglitos, aunque creo que dice que no. Ay Luc\u00eda, mana, te voy a llevar con Pinocho\u201d.<\/span><span style=\"font-size: 13.333333333333332px; font-family: Roboto; color: #333333; background-color: transparent; font-weight: 400; font-style: normal; font-variant: normal; text-decoration: none; vertical-align: baseline; white-space: pre-wrap;\"><br class=\"kix-line-break\" \/><\/span><span style=\"font-size: 13.333333333333332px; font-family: Roboto; color: #333333; background-color: transparent; font-weight: 400; font-style: normal; font-variant: normal; text-decoration: none; vertical-align: baseline; white-space: pre-wrap;\">Dichas palabras provocaron la indignaci\u00f3n de la reconocida actriz, quien apunt\u00f3 en entrevista que \u201cYo no quiero decir absolutamente nada de Yuri, la verdad no. Estoy muy decepcionada de ella. Es todo lo que puedo decir\u201d.<\/span><span style=\"font-size: 13.333333333333332px; font-family: Roboto; color: #333333; background-color: transparent; font-weight: 400; font-style: normal; font-variant: normal; text-decoration: none; vertical-align: baseline; white-space: pre-wrap;\"><br class=\"kix-line-break\" \/><\/span><span style=\"font-size: 13.333333333333332px; font-family: Roboto; color: #333333; background-color: transparent; font-weight: 400; font-style: normal; font-variant: normal; text-decoration: none; vertical-align: baseline; white-space: pre-wrap;\">Agreg\u00f3 que \u201cno ten\u00eda por qu\u00e9 atacarme de esa manera, sobretodo pues ella siempre ha dicho que es cristiana, que es una mujer de Dios, que es pastora, y pues le dir\u00e9 como ella me dijo, ay jajaja, mana, yo creo que es medio pinocha, porque esa no es una mujer de Dios\u201d.<\/span><\/p>\n<p><span id=\"docs-internal-guid-1f2b4784-89c8-02f5-195f-39d0e7642240\"><span style=\"font-size: 13.3333px; font-family: Roboto; vertical-align: baseline; white-space: pre-wrap; background-color: transparent;\"><br class=\"kix-line-break\" \/><\/span><span style=\"font-size: 13.3333px; font-family: Roboto; vertical-align: baseline; white-space: pre-wrap; background-color: transparent;\">AMBAS ARTISTAS SON DE RENOMBRE Y ERAN AMIGAS EN EL PASADO, PERO UNA SERIE DE PLEITOS, INICIADOS EN EL 2010 DURANTE EL VELORIO DE LA MAM\u00c1 DE \u201cLA M\u00c9NDEZ\u201d, TERMINARON POR SEPULTAR SU RELACI\u00d3N DE PAZ<\/span><\/span><\/p>\n","protected":false},"excerpt":{"rendered":"<p>\u00a0 Hace unos d\u00edas, tras ser abordada por la prensa y cuestionada al respecto, la int\u00e9rprete de \u201cInvencible\u201d realiz\u00f3 una serie de declaraciones que no le cayeron bien a la &#8220;Diva de las telenovelas\u201d<\/p>\n","protected":false},"author":3,"featured_media":0,"comment_status":"open","ping_status":"open","sticky":false,"template":"","format":"standard","meta":{"footnotes":""},"categories":[38],"tags":[],"class_list":["post-26697","post","type-post","status-publish","format-standard","hentry","category-show"],"_links":{"self":[{"href":"https:\/\/plazajuarez.mx\/historico\/wp-json\/wp\/v2\/posts\/26697","targetHints":{"allow":["GET"]}}],"collection":[{"href":"https:\/\/plazajuarez.mx\/historico\/wp-json\/wp\/v2\/posts"}],"about":[{"href":"https:\/\/plazajuarez.mx\/historico\/wp-json\/wp\/v2\/types\/post"}],"author":[{"embeddable":true,"href":"https:\/\/plazajuarez.mx\/historico\/wp-json\/wp\/v2\/users\/3"}],"replies":[{"embeddable":true,"href":"https:\/\/plazajuarez.mx\/historico\/wp-json\/wp\/v2\/comments?post=26697"}],"version-history":[{"count":0,"href":"https:\/\/plazajuarez.mx\/historico\/wp-json\/wp\/v2\/posts\/26697\/revisions"}],"wp:attachment":[{"href":"https:\/\/plazajuarez.mx\/historico\/wp-json\/wp\/v2\/media?parent=26697"}],"wp:term":[{"taxonomy":"category","embeddable":true,"href":"https:\/\/plazajuarez.mx\/historico\/wp-json\/wp\/v2\/categories?post=26697"},{"taxonomy":"post_tag","embeddable":true,"href":"https:\/\/plazajuarez.mx\/historico\/wp-json\/wp\/v2\/tags?post=26697"}],"curies":[{"name":"wp","href":"https:\/\/api.w.org\/{rel}","templated":true}]}}