{"id":26696,"date":"2016-08-14T15:59:09","date_gmt":"2016-08-14T15:59:09","guid":{"rendered":"http:\/\/plazajuarez.mx\/index\/index.php\/2016\/08\/14\/dos-trenes-chocaran-en-morelia-en-octubre\/"},"modified":"2016-08-14T15:59:09","modified_gmt":"2016-08-14T15:59:09","slug":"dos-trenes-chocaran-en-morelia-en-octubre","status":"publish","type":"post","link":"https:\/\/plazajuarez.mx\/historico\/dos-trenes-chocaran-en-morelia-en-octubre\/","title":{"rendered":"Dos trenes chocar\u00e1n en Morelia en octubre"},"content":{"rendered":"<p dir=\"ltr\" style=\"line-height: 1.2; margin-top: 0pt; margin-bottom: 0pt;\">\u00a0<\/p>\n<p><span style=\"font-size: 13.3333px; font-family: Roboto; vertical-align: baseline; white-space: pre-wrap; background-color: transparent;\">La pel\u00edcula mexicana apoyada por Alejandro Gonz\u00e1lez I\u00f1\u00e1rritu y Alfonso Cuar\u00f3n, ganadores del Oscar, as\u00ed como la pr\u00f3xima representante en Venecia, se enfrentar\u00e1n en el pr\u00f3ximo festival de cine de Morelia.<\/span><\/p>\n<p>  <!--more-->  <\/p>\n<p><span id=\"docs-internal-guid-1f2b4784-89c7-474f-861c-d4d4aadb2374\"><span style=\"font-size: 13.3333px; font-family: Roboto; vertical-align: baseline; white-space: pre-wrap; background-color: transparent;\"><br class=\"kix-line-break\" \/><\/span><span style=\"font-size: 13.3333px; font-family: Roboto; vertical-align: baseline; white-space: pre-wrap; background-color: transparent;\">La primera se llama \u201cSomos la carne\u201d, una cinta post apocal\u00edptica que ha sido calificada p\u00fablicamente de forma positiva por parte de Gonz\u00e1lez I\u00f1\u00e1rritu (El renacido) y Cuar\u00f3n (Gravedad) y la otra \u201cLa regi\u00f3n salvaje\u201d de Amat Escalante (Heli).<\/span><span style=\"font-size: 13.3333px; font-family: Roboto; vertical-align: baseline; white-space: pre-wrap; background-color: transparent;\"><br class=\"kix-line-break\" \/><\/span><span style=\"font-size: 13.3333px; font-family: Roboto; vertical-align: baseline; white-space: pre-wrap; background-color: transparent;\">Ambas competir\u00e1n en la secci\u00f3n oficial de largometraje de ficci\u00f3n en el llamado Festival Internacional de Cine de Morelia (FICM) junto con otras 13 cintas.<\/span><span style=\"font-size: 13.3333px; font-family: Roboto; vertical-align: baseline; white-space: pre-wrap; background-color: transparent;\"><br class=\"kix-line-break\" \/><\/span><span style=\"font-size: 13.3333px; font-family: Roboto; vertical-align: baseline; white-space: pre-wrap; background-color: transparent;\">Est\u00e1n: \u201cDania\u201d, de Dariela Ludlow; \u201cMinezota\u201d, de Carlos Enderle; \u201c3 ZENE\u201d de Sergio Flores Thorija y \u201cLa caja vac\u00eda\u201d de Claudia Sainte-Luce.<\/span><span style=\"font-size: 13.3333px; font-family: Roboto; vertical-align: baseline; white-space: pre-wrap; background-color: transparent;\"><br class=\"kix-line-break\" \/><\/span><span style=\"font-size: 13.3333px; font-family: Roboto; vertical-align: baseline; white-space: pre-wrap; background-color: transparent;\">Tambi\u00e9n se encuentran \u201cLupe bajo el sol\u201d, de Rodrigo Reyes, \u201cPac\u00edfico\u201d de Fernanda Romand\u00eda, \u201cEl peluquero rom\u00e1ntico\u201d, dirigida por Iv\u00e1n \u00c1vila Due\u00f1as y \u201cEl sue\u00f1o del Mara\u2019akame\u201d, de Federico Cecchetti, \u201cTiempo sin pulso\u201d, \u201cLas tinieblas\u201d, \u201cTodo lo dem\u00e1s\u201d, \u201cEl vigilante\u201d y \u201cZeus\u201d completan la lista.<\/span><\/span><\/p>\n","protected":false},"excerpt":{"rendered":"<p>\u00a0 La pel\u00edcula mexicana apoyada por Alejandro Gonz\u00e1lez I\u00f1\u00e1rritu y Alfonso Cuar\u00f3n, ganadores del Oscar, as\u00ed como la pr\u00f3xima representante en Venecia, se enfrentar\u00e1n en el pr\u00f3ximo festival de cine de Morelia.<\/p>\n","protected":false},"author":3,"featured_media":0,"comment_status":"open","ping_status":"open","sticky":false,"template":"","format":"standard","meta":{"footnotes":""},"categories":[38],"tags":[],"class_list":["post-26696","post","type-post","status-publish","format-standard","hentry","category-show"],"_links":{"self":[{"href":"https:\/\/plazajuarez.mx\/historico\/wp-json\/wp\/v2\/posts\/26696","targetHints":{"allow":["GET"]}}],"collection":[{"href":"https:\/\/plazajuarez.mx\/historico\/wp-json\/wp\/v2\/posts"}],"about":[{"href":"https:\/\/plazajuarez.mx\/historico\/wp-json\/wp\/v2\/types\/post"}],"author":[{"embeddable":true,"href":"https:\/\/plazajuarez.mx\/historico\/wp-json\/wp\/v2\/users\/3"}],"replies":[{"embeddable":true,"href":"https:\/\/plazajuarez.mx\/historico\/wp-json\/wp\/v2\/comments?post=26696"}],"version-history":[{"count":0,"href":"https:\/\/plazajuarez.mx\/historico\/wp-json\/wp\/v2\/posts\/26696\/revisions"}],"wp:attachment":[{"href":"https:\/\/plazajuarez.mx\/historico\/wp-json\/wp\/v2\/media?parent=26696"}],"wp:term":[{"taxonomy":"category","embeddable":true,"href":"https:\/\/plazajuarez.mx\/historico\/wp-json\/wp\/v2\/categories?post=26696"},{"taxonomy":"post_tag","embeddable":true,"href":"https:\/\/plazajuarez.mx\/historico\/wp-json\/wp\/v2\/tags?post=26696"}],"curies":[{"name":"wp","href":"https:\/\/api.w.org\/{rel}","templated":true}]}}