{"id":26692,"date":"2016-08-14T15:54:22","date_gmt":"2016-08-14T15:54:22","guid":{"rendered":"http:\/\/plazajuarez.mx\/index\/index.php\/2016\/08\/14\/los-legendarios-mitos-de-china-toman-bellas-artes\/"},"modified":"2016-08-14T15:54:22","modified_gmt":"2016-08-14T15:54:22","slug":"los-legendarios-mitos-de-china-toman-bellas-artes","status":"publish","type":"post","link":"https:\/\/plazajuarez.mx\/historico\/los-legendarios-mitos-de-china-toman-bellas-artes\/","title":{"rendered":"LOS LEGENDARIOS MITOS DE CHINA TOMAN BELLAS ARTES"},"content":{"rendered":"<p dir=\"ltr\" style=\"line-height: 1.2; margin-top: 0pt; margin-bottom: 0pt;\">\u00a0<\/p>\n<ul style=\"margin-top: 0pt; margin-bottom: 0pt;\">\n<li dir=\"ltr\" style=\"list-style-type: disc; font-size: 36px; font-family: Arial; color: #333333; background-color: transparent; font-weight: bold; font-style: normal; font-variant: normal; text-decoration: none; vertical-align: baseline;\">\n<p dir=\"ltr\" style=\"line-height: 1.2; margin-top: 0pt; margin-bottom: 0pt;\"><span style=\"font-size: 13.333333333333332px; font-family: Arial; color: #333333; background-color: transparent; font-weight: 400; font-style: normal; font-variant: normal; text-decoration: none; vertical-align: baseline; white-space: pre-wrap;\">La agrupaci\u00f3n con m\u00e1s de 60 a\u00f1os de trayectoria se present\u00f3 durante el fin de semana, en el marco del A\u00f1o de Intercambio Cultural China\u2014Am\u00e9rica Latina y el Caribe, que pretende mostrar las tradiciones y el desarrollo de estos pa\u00edses en diferentes campos<\/span><\/p>\n<p>  <!--more--> <\/li>\n<\/ul>\n<p>\u00a0<\/p>\n<p dir=\"ltr\" style=\"line-height: 1.295; margin-top: 0pt; margin-bottom: 7.5pt;\"><span style=\"font-size: 13.333333333333332px; font-family: Arial; color: #333333; background-color: transparent; font-weight: 400; font-style: normal; font-variant: normal; text-decoration: none; vertical-align: baseline; white-space: pre-wrap;\">La legendaria \u00d3pera de Pek\u00edn se present\u00f3 en el Palacio de Bellas Artes con el espect\u00e1culo tradicional \u201cLa leyenda de la serpiente blanca\u201d, basado en un mito popular chino.<\/span><span style=\"font-size: 13.333333333333332px; font-family: Arial; color: #333333; background-color: transparent; font-weight: 400; font-style: normal; font-variant: normal; text-decoration: none; vertical-align: baseline; white-space: pre-wrap;\"><br class=\"kix-line-break\" \/><\/span><span style=\"font-size: 13.333333333333332px; font-family: Arial; color: #333333; background-color: transparent; font-weight: 400; font-style: normal; font-variant: normal; text-decoration: none; vertical-align: baseline; white-space: pre-wrap;\">La agrupaci\u00f3n con m\u00e1s de 60 a\u00f1os de trayectoria se present\u00f3 durante el fin de semana, en el marco del A\u00f1o de Intercambio Cultural China\u2014Am\u00e9rica Latina y el Caribe, que pretende mostrar las tradiciones y el desarrollo de estos pa\u00edses en diferentes campos.<\/span><span style=\"font-size: 13.333333333333332px; font-family: Arial; color: #333333; background-color: transparent; font-weight: 400; font-style: normal; font-variant: normal; text-decoration: none; vertical-align: baseline; white-space: pre-wrap;\"><br class=\"kix-line-break\" \/><\/span><span style=\"font-size: 13.333333333333332px; font-family: Arial; color: #333333; background-color: transparent; font-weight: 400; font-style: normal; font-variant: normal; text-decoration: none; vertical-align: baseline; white-space: pre-wrap;\">\u201cLa leyenda de la serpiente blanca\u201d, dividida en dos partes, constituidas a su vez por 10 actos y un intermedio, cont\u00f3 con las actuaciones de Fu Jia, como Bai Suzhen (serpiente blanca) y Zhang Bing, como Xu Xian. Bai Weichen dio vida a Xiao Qing (serpiente verde) y Tan Shuai personific\u00f3 a Fa Hai.\u00a0<\/span><span style=\"font-size: 13.333333333333332px; font-family: Arial; color: #333333; background-color: transparent; font-weight: 400; font-style: normal; font-variant: normal; text-decoration: none; vertical-align: baseline; white-space: pre-wrap;\"><br class=\"kix-line-break\" \/><\/span><span style=\"font-size: 13.333333333333332px; font-family: Arial; color: #333333; background-color: transparent; font-weight: 400; font-style: normal; font-variant: normal; text-decoration: none; vertical-align: baseline; white-space: pre-wrap;\">La primera funci\u00f3n fue musicalizada en vivo y permiti\u00f3 apreciar los sonidos de instrumentos tradicionales chinos.<\/span><span style=\"font-size: 13.333333333333332px; font-family: Arial; color: #333333; background-color: transparent; font-weight: 400; font-style: normal; font-variant: normal; text-decoration: none; vertical-align: baseline; white-space: pre-wrap;\"><br class=\"kix-line-break\" \/><\/span><span style=\"font-size: 13.333333333333332px; font-family: Arial; color: #333333; background-color: transparent; font-weight: 400; font-style: normal; font-variant: normal; text-decoration: none; vertical-align: baseline; white-space: pre-wrap;\">La compa\u00f1\u00eda se caracteriza por las habilidades de los int\u00e9rpretes, quienes adem\u00e1s de cantar tambi\u00e9n deben dominar acrobacias e incluso movimientos danc\u00edsticos.<\/span><\/p>\n","protected":false},"excerpt":{"rendered":"<p>\u00a0 La agrupaci\u00f3n con m\u00e1s de 60 a\u00f1os de trayectoria se present\u00f3 durante el fin de semana, en el marco del A\u00f1o de Intercambio Cultural China\u2014Am\u00e9rica Latina y el Caribe, que pretende mostrar las tradiciones y el desarrollo de estos pa\u00edses en diferentes campos<\/p>\n","protected":false},"author":3,"featured_media":0,"comment_status":"open","ping_status":"open","sticky":false,"template":"","format":"standard","meta":{"footnotes":""},"categories":[41],"tags":[],"class_list":["post-26692","post","type-post","status-publish","format-standard","hentry","category-arteria-cultural"],"_links":{"self":[{"href":"https:\/\/plazajuarez.mx\/historico\/wp-json\/wp\/v2\/posts\/26692","targetHints":{"allow":["GET"]}}],"collection":[{"href":"https:\/\/plazajuarez.mx\/historico\/wp-json\/wp\/v2\/posts"}],"about":[{"href":"https:\/\/plazajuarez.mx\/historico\/wp-json\/wp\/v2\/types\/post"}],"author":[{"embeddable":true,"href":"https:\/\/plazajuarez.mx\/historico\/wp-json\/wp\/v2\/users\/3"}],"replies":[{"embeddable":true,"href":"https:\/\/plazajuarez.mx\/historico\/wp-json\/wp\/v2\/comments?post=26692"}],"version-history":[{"count":0,"href":"https:\/\/plazajuarez.mx\/historico\/wp-json\/wp\/v2\/posts\/26692\/revisions"}],"wp:attachment":[{"href":"https:\/\/plazajuarez.mx\/historico\/wp-json\/wp\/v2\/media?parent=26692"}],"wp:term":[{"taxonomy":"category","embeddable":true,"href":"https:\/\/plazajuarez.mx\/historico\/wp-json\/wp\/v2\/categories?post=26692"},{"taxonomy":"post_tag","embeddable":true,"href":"https:\/\/plazajuarez.mx\/historico\/wp-json\/wp\/v2\/tags?post=26692"}],"curies":[{"name":"wp","href":"https:\/\/api.w.org\/{rel}","templated":true}]}}