{"id":26691,"date":"2016-08-14T15:52:45","date_gmt":"2016-08-14T15:52:45","guid":{"rendered":"http:\/\/plazajuarez.mx\/index\/index.php\/2016\/08\/14\/nuevos-estudios-ayudan-a-entender-a-la-reina-roja\/"},"modified":"2016-08-14T15:52:45","modified_gmt":"2016-08-14T15:52:45","slug":"nuevos-estudios-ayudan-a-entender-a-la-reina-roja","status":"publish","type":"post","link":"https:\/\/plazajuarez.mx\/historico\/nuevos-estudios-ayudan-a-entender-a-la-reina-roja\/","title":{"rendered":"Nuevos estudios ayudan a entender a la Reina Roja"},"content":{"rendered":"<p dir=\"ltr\" style=\"line-height: 1.2; margin-top: 0pt; margin-bottom: 0pt;\">\u00a0<\/p>\n<ul style=\"margin-top: 0pt; margin-bottom: 0pt;\">\n<li dir=\"ltr\" style=\"list-style-type: disc; font-size: 36px; font-family: Arial; color: #333333; background-color: transparent; font-weight: bold; font-style: normal; font-variant: normal; text-decoration: none; vertical-align: baseline;\">\n<p dir=\"ltr\" style=\"line-height: 1.2; margin-top: 0pt; margin-bottom: 0pt;\"><span style=\"font-size: 13.333333333333332px; font-family: Arial; color: #333333; background-color: transparent; font-weight: 400; font-style: normal; font-variant: normal; text-decoration: none; vertical-align: baseline; white-space: pre-wrap;\">El arque\u00f3logo Emiliano Melgar T\u00edsoc, del Instituto Nacional de Antropolog\u00eda e Historia (INAH), trabaj\u00f3 a lo largo de 2015 con una muestra de 44 piezas pertenecientes a la diadema, las orejeras y el collar, elaborados con jade\u00edta, as\u00ed como de la m\u00e1scara de malaquita del citado personaje de Palenque, Chiapas<\/span><\/p>\n<p>  <!--more--> <\/li>\n<\/ul>\n<p dir=\"ltr\" style=\"line-height: 1.295; margin-top: 0pt; margin-bottom: 7.5pt;\"><span style=\"font-size: 13.333333333333332px; font-family: Arial; color: #333333; background-color: transparent; font-weight: 400; font-style: normal; font-variant: normal; text-decoration: none; vertical-align: baseline; white-space: pre-wrap;\">\u00bfCu\u00e1l fue el origen de la Reina Roja? La respuesta a esta interrogante podr\u00eda estar cerca, luego de la m\u00e1s reciente investigaci\u00f3n hecha a su ajuar mortuorio con t\u00e9cnicas de microscop\u00eda electr\u00f3nica y arqueolog\u00eda experimental, que permitieron reconstruir su proceso de elaboraci\u00f3n y compararlo con el de otras piezas de lapidaria prehisp\u00e1nica del \u00e1rea maya.<\/span><span style=\"font-size: 13.333333333333332px; font-family: Arial; color: #333333; background-color: transparent; font-weight: 400; font-style: normal; font-variant: normal; text-decoration: none; vertical-align: baseline; white-space: pre-wrap;\"><br class=\"kix-line-break\" \/><\/span><span style=\"font-size: 13.333333333333332px; font-family: Arial; color: #333333; background-color: transparent; font-weight: 400; font-style: normal; font-variant: normal; text-decoration: none; vertical-align: baseline; white-space: pre-wrap;\">El arque\u00f3logo Emiliano Melgar T\u00edsoc, del Instituto Nacional de Antropolog\u00eda e Historia (INAH), trabaj\u00f3 a lo largo de 2015 con una muestra de 44 piezas pertenecientes a la diadema, las orejeras y el collar, elaborados con jade\u00edta, as\u00ed como de la m\u00e1scara de malaquita del citado personaje de Palenque, Chiapas.<\/span><span style=\"font-size: 13.333333333333332px; font-family: Arial; color: #333333; background-color: transparent; font-weight: 400; font-style: normal; font-variant: normal; text-decoration: none; vertical-align: baseline; white-space: pre-wrap;\"><br class=\"kix-line-break\" \/><\/span><span style=\"font-size: 13.333333333333332px; font-family: Arial; color: #333333; background-color: transparent; font-weight: 400; font-style: normal; font-variant: normal; text-decoration: none; vertical-align: baseline; white-space: pre-wrap;\">En la investigaci\u00f3n se utiliz\u00f3 una cinta de pol\u00edmero que, combinada con gotas de acetona de tama\u00f1o capilar, permiti\u00f3 elaborar r\u00e9plicas de los objetos de mayor importancia, o mejor conservados, en las que se caracterizaron las huellas de manufactura.<\/span><span style=\"font-size: 13.333333333333332px; font-family: Arial; color: #333333; background-color: transparent; font-weight: 400; font-style: normal; font-variant: normal; text-decoration: none; vertical-align: baseline; white-space: pre-wrap;\"><br class=\"kix-line-break\" \/><\/span><span style=\"font-size: 13.333333333333332px; font-family: Arial; color: #333333; background-color: transparent; font-weight: 400; font-style: normal; font-variant: normal; text-decoration: none; vertical-align: baseline; white-space: pre-wrap;\">Detall\u00f3 que pese a lo fr\u00e1gil que es la malaquita, incluso reci\u00e9n tallada (por lo cual es inusual encontrarla en arreglos mortuorios), fue posible copiar segmentos representativos de las 119 incrustaciones de dicho mineral que conforman la m\u00e1scara mortuoria.<\/span><span style=\"font-size: 13.333333333333332px; font-family: Arial; color: #333333; background-color: transparent; font-weight: 400; font-style: normal; font-variant: normal; text-decoration: none; vertical-align: baseline; white-space: pre-wrap;\"><br class=\"kix-line-break\" \/><\/span><span style=\"font-size: 13.333333333333332px; font-family: Arial; color: #333333; background-color: transparent; font-weight: 400; font-style: normal; font-variant: normal; text-decoration: none; vertical-align: baseline; white-space: pre-wrap;\">\u201cAl trabajar con piezas en negativo \u2014las r\u00e9plicas en pol\u00edmero\u2014 agilizamos la investigaci\u00f3n, adem\u00e1s de que pudimos hacer pruebas en microscopio electr\u00f3nico y reconstruir con precisi\u00f3n la secuencia de elaboraci\u00f3n que siguieron los artesanos prehisp\u00e1nicos\u201d, coment\u00f3 el especialista del Museo del Templo Mayor.<\/span><span style=\"font-size: 13.333333333333332px; font-family: Arial; color: #333333; background-color: transparent; font-weight: 400; font-style: normal; font-variant: normal; text-decoration: none; vertical-align: baseline; white-space: pre-wrap;\"><br class=\"kix-line-break\" \/><\/span><span style=\"font-size: 13.333333333333332px; font-family: Arial; color: #333333; background-color: transparent; font-weight: 400; font-style: normal; font-variant: normal; text-decoration: none; vertical-align: baseline; white-space: pre-wrap;\">La arque\u00f3loga Martha Cuevas a\u00f1adi\u00f3 que las observaciones macrosc\u00f3picas se acompa\u00f1aron de fotograf\u00edas hechas con un microscopio electr\u00f3nico de barrido, cuyas amplificaciones de hasta 1,000 aumentos permitieron identificar la secuencia, porosidad e incluso las dimensiones en micras de cada l\u00ednea o accidente causado por cortes, incisiones, bru\u00f1idos u otras marcas de manufactura. Prueba que nunca se hab\u00eda aplicado en torno a estas reliquias.<\/span><span style=\"font-size: 13.333333333333332px; font-family: Arial; color: #333333; background-color: transparent; font-weight: 400; font-style: normal; font-variant: normal; text-decoration: none; vertical-align: baseline; white-space: pre-wrap;\"><br class=\"kix-line-break\" \/><\/span><span style=\"font-size: 13.333333333333332px; font-family: Arial; color: #333333; background-color: transparent; font-weight: 400; font-style: normal; font-variant: normal; text-decoration: none; vertical-align: baseline; white-space: pre-wrap;\">Los resultados de microscop\u00eda se cotejaron con estudios que Emiliano Melgar ha dirigido en otros objetos de lapidaria del \u00e1rea maya, entre ellos del propio Pakal II, o la de su padre K\u2019an Mo\u2019 Hix, enterrado en el Templo Olvidado, para determinar si difer\u00edan en la t\u00e9cnica de manufactura.<\/span><\/p>\n<p>\u00a0<\/p>\n<p dir=\"ltr\" style=\"line-height: 1.295; margin-top: 0pt; margin-bottom: 7.5pt;\"><span style=\"font-size: 13.333333333333332px; font-family: Arial; color: #333333; background-color: transparent; font-weight: 400; font-style: normal; font-variant: normal; text-decoration: none; vertical-align: baseline; white-space: pre-wrap;\"><br class=\"kix-line-break\" \/><\/span><span style=\"font-size: 13.333333333333332px; font-family: Arial; color: #333333; background-color: transparent; font-weight: 400; font-style: normal; font-variant: normal; text-decoration: none; vertical-align: baseline; white-space: pre-wrap;\">CABE RECORDAR QUE LA REINA ROJA, LLAMADA AS\u00cd POR EL TONO ESCARLATA DE LA OSAMENTA DEBIDO AL EFECTO DE LOS CASI TRES CENT\u00cdMETROS DE CINABRIO QUE LA CUBR\u00cdAN, FUE HALLADA EN 1994 DENTRO DEL TEMPLO XIII DE PALENQUE. Y AUNQUE LAS INVESTIGACIONES ACERCA DE SU IDENTIDAD CONTIN\u00daAN; SU TUMBA Y OSAMENTA FUERON FECHADAS HACIA EL A\u00d1O 672 D.C<\/span><\/p>\n","protected":false},"excerpt":{"rendered":"<p>\u00a0 El arque\u00f3logo Emiliano Melgar T\u00edsoc, del Instituto Nacional de Antropolog\u00eda e Historia (INAH), trabaj\u00f3 a lo largo de 2015 con una muestra de 44 piezas pertenecientes a la diadema, las orejeras y el collar, elaborados con jade\u00edta, as\u00ed como de la m\u00e1scara de malaquita del citado personaje de Palenque, Chiapas<\/p>\n","protected":false},"author":3,"featured_media":0,"comment_status":"open","ping_status":"open","sticky":false,"template":"","format":"standard","meta":{"footnotes":""},"categories":[41],"tags":[],"class_list":["post-26691","post","type-post","status-publish","format-standard","hentry","category-arteria-cultural"],"_links":{"self":[{"href":"https:\/\/plazajuarez.mx\/historico\/wp-json\/wp\/v2\/posts\/26691","targetHints":{"allow":["GET"]}}],"collection":[{"href":"https:\/\/plazajuarez.mx\/historico\/wp-json\/wp\/v2\/posts"}],"about":[{"href":"https:\/\/plazajuarez.mx\/historico\/wp-json\/wp\/v2\/types\/post"}],"author":[{"embeddable":true,"href":"https:\/\/plazajuarez.mx\/historico\/wp-json\/wp\/v2\/users\/3"}],"replies":[{"embeddable":true,"href":"https:\/\/plazajuarez.mx\/historico\/wp-json\/wp\/v2\/comments?post=26691"}],"version-history":[{"count":0,"href":"https:\/\/plazajuarez.mx\/historico\/wp-json\/wp\/v2\/posts\/26691\/revisions"}],"wp:attachment":[{"href":"https:\/\/plazajuarez.mx\/historico\/wp-json\/wp\/v2\/media?parent=26691"}],"wp:term":[{"taxonomy":"category","embeddable":true,"href":"https:\/\/plazajuarez.mx\/historico\/wp-json\/wp\/v2\/categories?post=26691"},{"taxonomy":"post_tag","embeddable":true,"href":"https:\/\/plazajuarez.mx\/historico\/wp-json\/wp\/v2\/tags?post=26691"}],"curies":[{"name":"wp","href":"https:\/\/api.w.org\/{rel}","templated":true}]}}