{"id":26690,"date":"2016-08-14T15:51:41","date_gmt":"2016-08-14T15:51:41","guid":{"rendered":"http:\/\/plazajuarez.mx\/index\/index.php\/2016\/08\/14\/donald-trump-esta-totalmente-chiflado-de-niro\/"},"modified":"2016-08-14T15:51:41","modified_gmt":"2016-08-14T15:51:41","slug":"donald-trump-esta-totalmente-chiflado-de-niro","status":"publish","type":"post","link":"https:\/\/plazajuarez.mx\/historico\/donald-trump-esta-totalmente-chiflado-de-niro\/","title":{"rendered":"\u201cDonald Trump est\u00e1 totalmente chiflado\u201d: De Niro"},"content":{"rendered":"<p dir=\"ltr\" style=\"line-height: 1.2; margin-top: 0pt; margin-bottom: 10pt;\">\u00a0<\/p>\n<ul style=\"margin-top: 0pt; margin-bottom: 0pt;\">\n<li dir=\"ltr\" style=\"list-style-type: disc; font-size: 21.333333333333332px; font-family: Arial; color: #000000; background-color: transparent; font-weight: bold; font-style: normal; font-variant: normal; text-decoration: none; vertical-align: baseline;\">\n<p dir=\"ltr\" style=\"line-height: 1.2; margin-top: 0pt; margin-bottom: 10pt;\"><span style=\"font-size: 21.333333333333332px; font-family: 'Times New Roman'; color: #000000; background-color: transparent; font-weight: bold; font-style: normal; font-variant: normal; text-decoration: none; vertical-align: baseline; white-space: pre-wrap;\">El actor y productor estadounidense critic\u00f3 la candidatura del republicano a la Casa Blanca: \u00abNi siquiera deber\u00eda estar donde est\u00e1\u00bb, recalc\u00f3<\/span><\/p>\n<p>  <!--more--> <\/li>\n<\/ul>\n<p><b id=\"docs-internal-guid-77c0e3f6-89c0-7d8f-d84e-8bbee8279293\" style=\"font-weight: normal;\">\u00a0<\/b><\/p>\n<p dir=\"ltr\" style=\"line-height: 1.2; margin-top: 0pt; margin-bottom: 10pt;\"><span style=\"font-size: 18.666666666666664px; font-family: 'Times New Roman'; color: #000000; background-color: transparent; font-weight: 400; font-style: normal; font-variant: normal; text-decoration: none; vertical-align: baseline; white-space: pre-wrap;\">El actor y productor estadounidense Robert de Niro dijo el viernes que Donald Trump, el candidato republicano a la presidencia de los Estados Unidos, no deber\u00eda ser presidente porque est\u00e1 \u00abtotalmente chiflado\u00bb.<\/span><\/p>\n<p dir=\"ltr\" style=\"line-height: 1.2; margin-top: 0pt; margin-bottom: 10pt;\"><span style=\"font-size: 18.666666666666664px; font-family: 'Times New Roman'; color: #000000; background-color: transparent; font-weight: 400; font-style: normal; font-variant: normal; text-decoration: none; vertical-align: baseline; white-space: pre-wrap;\">De Niro hizo este comentario ante el p\u00fablico del Teatro Nacional de Sarajevo, cuando presentaba una versi\u00f3n digital de \u00abTaxi Driver\u00bb, protagonizada por \u00e9l hace 40 a\u00f1os.<\/span><\/p>\n<p dir=\"ltr\" style=\"line-height: 1.2; margin-top: 0pt; margin-bottom: 10pt;\"><span style=\"font-size: 18.666666666666664px; font-family: 'Times New Roman'; color: #000000; background-color: transparent; font-weight: 400; font-style: normal; font-variant: normal; text-decoration: none; vertical-align: baseline; white-space: pre-wrap;\">\u00abNo lo entiendo, es una locura que una persona como Donald Trump&#8230;, ni siquiera deber\u00eda estar donde est\u00e1, que Dios nos ampare\u00bb, dijo De Niro justo antes de recibir un intenso aplauso del auditorio.<\/span><\/p>\n<p dir=\"ltr\" style=\"line-height: 1.2; margin-top: 0pt; margin-bottom: 10pt;\"><span style=\"font-size: 18.666666666666664px; font-family: 'Times New Roman'; color: #000000; background-color: transparent; font-weight: 400; font-style: normal; font-variant: normal; text-decoration: none; vertical-align: baseline; white-space: pre-wrap;\">\u00abLo que est\u00e1 diciendo es rid\u00edculo, una absoluta locura&#8230; est\u00e1 totalmente chiflado\u00bb, dijo el actor para referirse a Donald Trump, cuyas declaraciones sobre las armas, los mexicanos, los musulmanes y los veteranos de guerra han resultado muy pol\u00e9micas en anteriores ocasiones.<\/span><\/p>\n<p dir=\"ltr\" style=\"line-height: 1.2; margin-top: 0pt; margin-bottom: 10pt;\"><span style=\"font-size: 18.666666666666664px; font-family: 'Times New Roman'; color: #000000; background-color: transparent; font-weight: 400; font-style: normal; font-variant: normal; text-decoration: none; vertical-align: baseline; white-space: pre-wrap;\">\u00abPero creo que ahora est\u00e1n comenzando a retroceder, los medios&#8230; por fin est\u00e1n comenzando a decir: vamos Donald, esto es rid\u00edculo, es una locura\u00bb, reiter\u00f3. En ese sentido, Trump ya culp\u00f3 a los medios estadounidenses por sacar sus declaraciones de contexto.<\/span><\/p>\n<p dir=\"ltr\" style=\"line-height: 1.2; margin-top: 0pt; margin-bottom: 10pt;\"><span style=\"font-size: 18.666666666666664px; font-family: 'Times New Roman'; color: #000000; background-color: transparent; font-weight: 400; font-style: normal; font-variant: normal; text-decoration: none; vertical-align: baseline; white-space: pre-wrap;\">El viernes por la noche, Robert de Niro, con sus 72 a\u00f1os de edad, inaugur\u00f3 el festival de cine de Sarajevo, inaugurado como desaf\u00edo al asedio que sufri\u00f3 la ciudad entre 1992 y 1995 durante la guerra de Bosnia. El actor adem\u00e1s recibi\u00f3 un premio por su contribuci\u00f3n a \u00abTaxi Driver\u00bb.<\/span><\/p>\n<p>\u00a0<\/p>\n<p dir=\"ltr\" style=\"line-height: 1.2; margin-top: 0pt; margin-bottom: 10pt;\"><span style=\"font-size: 18.666666666666664px; font-family: 'Times New Roman'; color: #000000; background-color: transparent; font-weight: 400; font-style: normal; font-variant: normal; text-decoration: none; vertical-align: baseline; white-space: pre-wrap;\">\u00abGuardar\u00e9 como un tesoro este premio, (mi Coraz\u00f3n de Sarajevo), porque no creo que haya otra ciudad en el mundo que haya mostrado tener un coraz\u00f3n tan grande ante una tragedia tan enorme\u00bb, dijo el actor durante la ceremonia.<\/span><\/p>\n<p><span style=\"font-size: 18.666666666666664px; font-family: 'Times New Roman'; color: #000000; background-color: transparent; font-weight: 400; font-style: normal; font-variant: normal; text-decoration: none; vertical-align: baseline; white-space: pre-wrap;\">\u00a0<\/span><\/p>\n","protected":false},"excerpt":{"rendered":"<p>\u00a0 El actor y productor estadounidense critic\u00f3 la candidatura del republicano a la Casa Blanca: \u00abNi siquiera deber\u00eda estar donde est\u00e1\u00bb, recalc\u00f3<\/p>\n","protected":false},"author":3,"featured_media":0,"comment_status":"open","ping_status":"open","sticky":false,"template":"","format":"standard","meta":{"footnotes":""},"categories":[31],"tags":[],"class_list":["post-26690","post","type-post","status-publish","format-standard","hentry","category-orbe"],"_links":{"self":[{"href":"https:\/\/plazajuarez.mx\/historico\/wp-json\/wp\/v2\/posts\/26690","targetHints":{"allow":["GET"]}}],"collection":[{"href":"https:\/\/plazajuarez.mx\/historico\/wp-json\/wp\/v2\/posts"}],"about":[{"href":"https:\/\/plazajuarez.mx\/historico\/wp-json\/wp\/v2\/types\/post"}],"author":[{"embeddable":true,"href":"https:\/\/plazajuarez.mx\/historico\/wp-json\/wp\/v2\/users\/3"}],"replies":[{"embeddable":true,"href":"https:\/\/plazajuarez.mx\/historico\/wp-json\/wp\/v2\/comments?post=26690"}],"version-history":[{"count":0,"href":"https:\/\/plazajuarez.mx\/historico\/wp-json\/wp\/v2\/posts\/26690\/revisions"}],"wp:attachment":[{"href":"https:\/\/plazajuarez.mx\/historico\/wp-json\/wp\/v2\/media?parent=26690"}],"wp:term":[{"taxonomy":"category","embeddable":true,"href":"https:\/\/plazajuarez.mx\/historico\/wp-json\/wp\/v2\/categories?post=26690"},{"taxonomy":"post_tag","embeddable":true,"href":"https:\/\/plazajuarez.mx\/historico\/wp-json\/wp\/v2\/tags?post=26690"}],"curies":[{"name":"wp","href":"https:\/\/api.w.org\/{rel}","templated":true}]}}