{"id":26689,"date":"2016-08-14T15:50:14","date_gmt":"2016-08-14T15:50:14","guid":{"rendered":"http:\/\/plazajuarez.mx\/index\/index.php\/2016\/08\/14\/el-castrismo-deifica-la-figura-de-fidel\/"},"modified":"2016-08-14T15:50:14","modified_gmt":"2016-08-14T15:50:14","slug":"el-castrismo-deifica-la-figura-de-fidel","status":"publish","type":"post","link":"https:\/\/plazajuarez.mx\/historico\/el-castrismo-deifica-la-figura-de-fidel\/","title":{"rendered":"El castrismo deifica la figura de Fidel"},"content":{"rendered":"<p dir=\"ltr\" style=\"line-height: 1.2; margin-top: 0pt; margin-bottom: 10pt;\">\u00a0<\/p>\n<ul style=\"margin-top: 0pt; margin-bottom: 0pt;\">\n<li dir=\"ltr\" style=\"list-style-type: disc; font-size: 21.333333333333332px; font-family: Arial; color: #000000; background-color: transparent; font-weight: bold; font-style: normal; font-variant: normal; text-decoration: none; vertical-align: baseline;\">\n<p dir=\"ltr\" style=\"line-height: 1.2; margin-top: 0pt; margin-bottom: 10pt;\"><span style=\"font-size: 21.333333333333332px; font-family: 'Times New Roman'; color: #000000; background-color: transparent; font-weight: bold; font-style: normal; font-variant: normal; text-decoration: none; vertical-align: baseline; white-space: pre-wrap;\">La c\u00fapula cubana aprovecha el cumplea\u00f1os del hist\u00f3rico l\u00edder revolucionario para sofocar la presi\u00f3n para una apertura democr\u00e1tica<\/span><\/p>\n<p>  <!--more--> <\/li>\n<\/ul>\n<p dir=\"ltr\" style=\"line-height: 1.2; margin-top: 0pt; margin-bottom: 10pt;\"><span style=\"font-size: 18.666666666666664px; font-family: 'Times New Roman'; color: #000000; background-color: transparent; font-weight: 400; font-style: normal; font-variant: normal; text-decoration: none; vertical-align: baseline; white-space: pre-wrap;\">En el juicio que sigui\u00f3 al asalto del cuartel de Moncada en 1953, Fidel Castro vaticin\u00f3: \u00abLa historia me absolver\u00e1\u00bb. Al cumplir ayer los 90 a\u00f1os de edad, el hombre que cambi\u00f3 el devenir de Cuba al derrocar al dictador Fulgencio Batista e implantar a las puertas de EU un r\u00e9gimen comunista que dura ya m\u00e1s de 57 a\u00f1os es sin duda una figura clave en la escena internacional desde mediados del siglo pasado.<\/span><\/p>\n<p dir=\"ltr\" style=\"line-height: 1.2; margin-top: 0pt; margin-bottom: 10pt;\"><span style=\"font-size: 18.666666666666664px; font-family: 'Times New Roman'; color: #000000; background-color: transparent; font-weight: 400; font-style: normal; font-variant: normal; text-decoration: none; vertical-align: baseline; white-space: pre-wrap;\">El 90 cumplea\u00f1os de Fidel Castro coincide con una grave crisis econ\u00f3mica en la isla, el aumento de la emigraci\u00f3n a EU y el endurecimiento de la represi\u00f3n pol\u00edtica que marcan la actualidad en la isla y ponen en cuesti\u00f3n la obra del comandante. Sin embargo, los dirigentes cubanos, con su hermano y sucesor Ra\u00fal a la cabeza, est\u00e1n aprovechando la efem\u00e9ride para reafirmar las esencias del r\u00e9gimen puesto en marcha por el hist\u00f3rico l\u00edder de la revoluci\u00f3n en 1959.<\/span><\/p>\n<p dir=\"ltr\" style=\"line-height: 1.2; margin-top: 0pt; margin-bottom: 10pt;\"><span style=\"font-size: 18.666666666666664px; font-family: 'Times New Roman'; color: #000000; background-color: transparent; font-weight: 400; font-style: normal; font-variant: normal; text-decoration: none; vertical-align: baseline; white-space: pre-wrap;\">Desde hace semanas se suceden felicitaciones y actos de homenaje para ensalzar las virtudes de su persona y mostrar el \u00abcompromiso de seguir siendo fieles a las ideas por las que ha luchado a lo largo de su vida\u00bb, como glos\u00f3 el pasado 26 de julio, en la fiesta por el D\u00eda de la Rebeld\u00eda Nacional, el segundo secretario del Partido Comunista, el veterano Machado Ventura.<\/span><\/p>\n<p>\u00a0<\/p>\n<p dir=\"ltr\" style=\"line-height: 1.2; margin-top: 0pt; margin-bottom: 10pt;\"><span style=\"font-size: 18.666666666666664px; font-family: 'Times New Roman'; color: #000000; background-color: transparent; font-weight: 400; font-style: normal; font-variant: normal; text-decoration: none; vertical-align: baseline; white-space: pre-wrap;\">Peregrinaciones a la finca donde naci\u00f3 en 1926 en Bir\u00e1n; un concierto de la Orquesta Sinf\u00f3nica Nacional y exposiciones fotogr\u00e1ficas con t\u00edtulos como \u00abLo que irradia Fidel\u00bb y \u00abFidel es Fidel\u00bb, as\u00ed como numerosos paneg\u00edricos difundidos a trav\u00e9s de los medios, son algunas de las iniciativas que conmemoran el cumplea\u00f1os al margen de las estrecheces econ\u00f3micas y la falta de libertades que padece la poblaci\u00f3n.<\/span><\/p>\n","protected":false},"excerpt":{"rendered":"<p>\u00a0 La c\u00fapula cubana aprovecha el cumplea\u00f1os del hist\u00f3rico l\u00edder revolucionario para sofocar la presi\u00f3n para una apertura democr\u00e1tica<\/p>\n","protected":false},"author":3,"featured_media":0,"comment_status":"open","ping_status":"open","sticky":false,"template":"","format":"standard","meta":{"footnotes":""},"categories":[31],"tags":[],"class_list":["post-26689","post","type-post","status-publish","format-standard","hentry","category-orbe"],"_links":{"self":[{"href":"https:\/\/plazajuarez.mx\/historico\/wp-json\/wp\/v2\/posts\/26689","targetHints":{"allow":["GET"]}}],"collection":[{"href":"https:\/\/plazajuarez.mx\/historico\/wp-json\/wp\/v2\/posts"}],"about":[{"href":"https:\/\/plazajuarez.mx\/historico\/wp-json\/wp\/v2\/types\/post"}],"author":[{"embeddable":true,"href":"https:\/\/plazajuarez.mx\/historico\/wp-json\/wp\/v2\/users\/3"}],"replies":[{"embeddable":true,"href":"https:\/\/plazajuarez.mx\/historico\/wp-json\/wp\/v2\/comments?post=26689"}],"version-history":[{"count":0,"href":"https:\/\/plazajuarez.mx\/historico\/wp-json\/wp\/v2\/posts\/26689\/revisions"}],"wp:attachment":[{"href":"https:\/\/plazajuarez.mx\/historico\/wp-json\/wp\/v2\/media?parent=26689"}],"wp:term":[{"taxonomy":"category","embeddable":true,"href":"https:\/\/plazajuarez.mx\/historico\/wp-json\/wp\/v2\/categories?post=26689"},{"taxonomy":"post_tag","embeddable":true,"href":"https:\/\/plazajuarez.mx\/historico\/wp-json\/wp\/v2\/tags?post=26689"}],"curies":[{"name":"wp","href":"https:\/\/api.w.org\/{rel}","templated":true}]}}