{"id":26688,"date":"2016-08-14T15:49:19","date_gmt":"2016-08-14T15:49:19","guid":{"rendered":"http:\/\/plazajuarez.mx\/index\/index.php\/2016\/08\/14\/el-estado-islamico-pierde-su-principal-salida-hacia-europa\/"},"modified":"2016-08-14T15:49:19","modified_gmt":"2016-08-14T15:49:19","slug":"el-estado-islamico-pierde-su-principal-salida-hacia-europa","status":"publish","type":"post","link":"https:\/\/plazajuarez.mx\/historico\/el-estado-islamico-pierde-su-principal-salida-hacia-europa\/","title":{"rendered":"El Estado Isl\u00e1mico pierde su   principal salida hacia Europa"},"content":{"rendered":"<p dir=\"ltr\" style=\"line-height: 1.2; margin-top: 0pt; margin-bottom: 10pt;\">\u00a0<\/p>\n<p dir=\"ltr\" style=\"line-height: 1.2; margin-top: 0pt; margin-bottom: 10pt;\"><span style=\"font-size: 18.666666666666664px; font-family: 'Times New Roman'; color: #000000; background-color: transparent; font-weight: 400; font-style: normal; font-variant: normal; text-decoration: none; vertical-align: baseline; white-space: pre-wrap;\">El califato se desmorona en todos los frentes. Despu\u00e9s de 73 d\u00edas de combates casa por casa, las Fuerzas Democr\u00e1ticas Sirias (FDS) (alianza de rebeldes kurdos y \u00e1rabes) expulsaron a los \u00faltimos milicianos del Estado Isl\u00e1mico que controlaban el centro de Manbij, el principal eje de comunicaciones entre Alepo y Raqa (la capital yihadista siria) y la cercana frontera turca.<\/span><\/p>\n<p>  <!--more-->  <\/p>\n<p dir=\"ltr\" style=\"line-height: 1.2; margin-top: 0pt; margin-bottom: 10pt;\"><span style=\"font-size: 18.666666666666664px; font-family: 'Times New Roman'; color: #000000; background-color: transparent; font-weight: 400; font-style: normal; font-variant: normal; text-decoration: none; vertical-align: baseline; white-space: pre-wrap;\">\u201cLos miembros del Estado Isl\u00e1mico ya no podr\u00e1n viajar libremente hacia Europa\u201d, asegur\u00f3 el l\u00edder kurdo Salih Muslim. <\/span><\/p>\n<p dir=\"ltr\" style=\"line-height: 1.2; margin-top: 0pt; margin-bottom: 10pt;\"><span style=\"font-size: 18.666666666666664px; font-family: 'Times New Roman'; color: #000000; background-color: transparent; font-weight: 400; font-style: normal; font-variant: normal; text-decoration: none; vertical-align: baseline; white-space: pre-wrap;\">El FDS cont\u00f3 con apoyo a\u00e9reo de la coalici\u00f3n internacional encabezada por EU y de las fuerzas especiales norteamericanas sobre el terreno, que han tenido un papel determinante para la captura a \u00faltima hora del viernes del estrat\u00e9gico nudo de carreteras. Manbij contaba con unos 75.000 habitantes en 2009, dos a\u00f1os antes de que comenzara la guerra en el pa\u00eds \u00e1rabe.<\/span><\/p>\n<p>\u00a0<\/p>\n<p dir=\"ltr\" style=\"line-height: 1.2; margin-top: 0pt; margin-bottom: 10pt;\"><span style=\"font-size: 18.666666666666664px; font-family: 'Times New Roman'; color: #000000; background-color: transparent; font-weight: 400; font-style: normal; font-variant: normal; text-decoration: none; vertical-align: baseline; white-space: pre-wrap;\">El centenar de yihadistas que resist\u00edan desde hace una semana en el distrito de Al Serb, manteniendo como rehenes a sus habitantes, alcanzaron un supuesto acuerdo secreto con el FDS para abandonar su \u00faltimo reducto en una caravana de unos 500 veh\u00edculos junto con m\u00e1s de 2.000 civiles usados como escudos. <\/span><\/p>\n","protected":false},"excerpt":{"rendered":"<p>\u00a0 El califato se desmorona en todos los frentes. Despu\u00e9s de 73 d\u00edas de combates casa por casa, las Fuerzas Democr\u00e1ticas Sirias (FDS) (alianza de rebeldes kurdos y \u00e1rabes) expulsaron a los \u00faltimos milicianos del Estado Isl\u00e1mico que controlaban el centro de Manbij, el principal eje de comunicaciones entre Alepo y Raqa (la capital yihadista [&hellip;]<\/p>\n","protected":false},"author":3,"featured_media":0,"comment_status":"open","ping_status":"open","sticky":false,"template":"","format":"standard","meta":{"footnotes":""},"categories":[31],"tags":[],"class_list":["post-26688","post","type-post","status-publish","format-standard","hentry","category-orbe"],"_links":{"self":[{"href":"https:\/\/plazajuarez.mx\/historico\/wp-json\/wp\/v2\/posts\/26688","targetHints":{"allow":["GET"]}}],"collection":[{"href":"https:\/\/plazajuarez.mx\/historico\/wp-json\/wp\/v2\/posts"}],"about":[{"href":"https:\/\/plazajuarez.mx\/historico\/wp-json\/wp\/v2\/types\/post"}],"author":[{"embeddable":true,"href":"https:\/\/plazajuarez.mx\/historico\/wp-json\/wp\/v2\/users\/3"}],"replies":[{"embeddable":true,"href":"https:\/\/plazajuarez.mx\/historico\/wp-json\/wp\/v2\/comments?post=26688"}],"version-history":[{"count":0,"href":"https:\/\/plazajuarez.mx\/historico\/wp-json\/wp\/v2\/posts\/26688\/revisions"}],"wp:attachment":[{"href":"https:\/\/plazajuarez.mx\/historico\/wp-json\/wp\/v2\/media?parent=26688"}],"wp:term":[{"taxonomy":"category","embeddable":true,"href":"https:\/\/plazajuarez.mx\/historico\/wp-json\/wp\/v2\/categories?post=26688"},{"taxonomy":"post_tag","embeddable":true,"href":"https:\/\/plazajuarez.mx\/historico\/wp-json\/wp\/v2\/tags?post=26688"}],"curies":[{"name":"wp","href":"https:\/\/api.w.org\/{rel}","templated":true}]}}