{"id":266874,"date":"2023-06-27T09:13:07","date_gmt":"2023-06-27T15:13:07","guid":{"rendered":"https:\/\/plazajuarez.mx\/?p=266874"},"modified":"2023-06-27T09:13:10","modified_gmt":"2023-06-27T15:13:10","slug":"vinculan-a-proceso-a-masculino-por-homicidio-doloso","status":"publish","type":"post","link":"https:\/\/plazajuarez.mx\/historico\/vinculan-a-proceso-a-masculino-por-homicidio-doloso\/","title":{"rendered":"Vinculan a proceso a\u00a0masculino por homicidio doloso\u00a0"},"content":{"rendered":"\n<p>Con comunicado se dio a conocer que personal ministerial adscrito a la Unidad Especializada en Investigaci\u00f3n de Homicidio Doloso y Narcomenudeo, de la Procuradur\u00eda General de Justicia del Estado de Hidalgo (PGJEH), obtuvo de la autoridad judicial, vinculaci\u00f3n a proceso para una persona identificada con las iniciales O.R.R.M., a quien ya se le investiga por la presunta comisi\u00f3n del delito de homicidio doloso calificado, ocurrido en Tizayuca.<\/p>\n\n\n\n<p>Los hechos que son imputados al probable responsable, tuvieron lugar en la calle Cuauht\u00e9moc, del&nbsp; municipio antes descrito, desde el pasado 8 de marzo de 2023, cuando elementos de la Secretar\u00eda de Seguridad P\u00fablica Municipal, informaron sobre el hallazgo del cuerpo sin vida de una persona del sexo masculino, quien respond\u00eda a las iniciales E.G.G.<\/p>\n\n\n\n<p>Derivado de lo sucedido, elementos de las divisiones de investigaci\u00f3n y cient\u00edfica, arribaron al lugar de los hechos, para iniciar con las pesquisas necesarias.<\/p>\n\n\n\n<p>Fue a trav\u00e9s de las investigaciones coordinadas por el Ministerio P\u00fablico como se determin\u00f3 la identidad del imputado, raz\u00f3n por la que se solicit\u00f3 a un juez de control la orden de aprehensi\u00f3n, misma que fue ejecutada por elementos de la Agencia de Investigaci\u00f3n Criminal, el 15 de junio de 2023, en Tizayuca.<\/p>\n\n\n\n<p>En audiencia inicial, la representaci\u00f3n social formul\u00f3 imputaci\u00f3n y solicit\u00f3 vinculaci\u00f3n a proceso, misma que fue concedida por el juez de control.<\/p>\n\n\n\n<p>La medida cautelar que impuso la autoridad judicial a O.R.R.M., es prisi\u00f3n preventiva oficiosa y se otorg\u00f3 a las partes plazo de tres meses para cierre de investigaci\u00f3n complementaria.<\/p>\n","protected":false},"excerpt":{"rendered":"<p>Con comunicado se dio a conocer que personal ministerial adscrito a la Unidad Especializada en Investigaci\u00f3n de Homicidio Doloso y Narcomenudeo, de la Procuradur\u00eda General de Justicia del Estado de Hidalgo (PGJEH), obtuvo de la autoridad judicial, vinculaci\u00f3n a proceso para una persona identificada con las iniciales O.R.R.M., a quien ya se le investiga por [&hellip;]<\/p>\n","protected":false},"author":93,"featured_media":266880,"comment_status":"closed","ping_status":"closed","sticky":false,"template":"","format":"standard","meta":{"footnotes":""},"categories":[37],"tags":[],"class_list":["post-266874","post","type-post","status-publish","format-standard","has-post-thumbnail","hentry","category-barandilla"],"_links":{"self":[{"href":"https:\/\/plazajuarez.mx\/historico\/wp-json\/wp\/v2\/posts\/266874","targetHints":{"allow":["GET"]}}],"collection":[{"href":"https:\/\/plazajuarez.mx\/historico\/wp-json\/wp\/v2\/posts"}],"about":[{"href":"https:\/\/plazajuarez.mx\/historico\/wp-json\/wp\/v2\/types\/post"}],"author":[{"embeddable":true,"href":"https:\/\/plazajuarez.mx\/historico\/wp-json\/wp\/v2\/users\/93"}],"replies":[{"embeddable":true,"href":"https:\/\/plazajuarez.mx\/historico\/wp-json\/wp\/v2\/comments?post=266874"}],"version-history":[{"count":0,"href":"https:\/\/plazajuarez.mx\/historico\/wp-json\/wp\/v2\/posts\/266874\/revisions"}],"wp:featuredmedia":[{"embeddable":true,"href":"https:\/\/plazajuarez.mx\/historico\/wp-json\/wp\/v2\/media\/266880"}],"wp:attachment":[{"href":"https:\/\/plazajuarez.mx\/historico\/wp-json\/wp\/v2\/media?parent=266874"}],"wp:term":[{"taxonomy":"category","embeddable":true,"href":"https:\/\/plazajuarez.mx\/historico\/wp-json\/wp\/v2\/categories?post=266874"},{"taxonomy":"post_tag","embeddable":true,"href":"https:\/\/plazajuarez.mx\/historico\/wp-json\/wp\/v2\/tags?post=266874"}],"curies":[{"name":"wp","href":"https:\/\/api.w.org\/{rel}","templated":true}]}}