{"id":266870,"date":"2023-06-27T09:05:57","date_gmt":"2023-06-27T15:05:57","guid":{"rendered":"https:\/\/plazajuarez.mx\/?p=266870"},"modified":"2023-06-27T09:06:01","modified_gmt":"2023-06-27T15:06:01","slug":"cae-primer-detenido-por-robo-a-joyeria-en-plaza-antara","status":"publish","type":"post","link":"https:\/\/plazajuarez.mx\/historico\/cae-primer-detenido-por-robo-a-joyeria-en-plaza-antara\/","title":{"rendered":"Cae primer detenido por robo a joyer\u00eda en Plaza Antara"},"content":{"rendered":"\n<p>Omar Garc\u00eda Harfuch, titular de la Secretar\u00eda de Seguridad Ciudadana de la Ciudad de M\u00e9xico (SSC-CDMX), inform\u00f3 que ya tienen al primer detenido por el asalto a la joyer\u00eda en Plaza Antara en Polanco.<br><br>&#8220;Del robo a la joyer\u00eda en Antara Polanco informamos que ya se logr\u00f3 la primera detenci\u00f3n despu\u00e9s de realizar varias acciones operativas durante la noche. Faltan m\u00e1s personas por detener y este hecho no quedar\u00e1 impune en nuestra Ciudad. Todos ser\u00e1n detenidos&#8221;, comparti\u00f3 el jefe de la polic\u00eda capitalina en sus redes sociales.<br><br><strong>\u00bfC\u00f3mo fue el asalto en joyer\u00eda de Plaza Antara?<br><\/strong><br>En la alcald\u00eda Miguel Hidalgo, se registr\u00f3 un asalto a una joyer\u00eda ubicada en la Plaza Antara.<br>De acuerdo con la Secretar\u00eda de Seguridad Ciudadana (SSC) de la Ciudad de M\u00e9xico, los implicados utilizaron mazos para romper los vidrios.<br><br>El alcalde Mauricio Tabe inform\u00f3 que el asalto dur\u00f3 aproximadamente de 8 a 10 minutos y el robo fue de 15 relojes, de acuerdo con la informaci\u00f3n que proporcion\u00f3 a Foro TV.<br><br>&#8220;Escuch\u00e9 que estaban quebrando la ventana, no escuch\u00e9 balazos&#8221;, coment\u00f3 Alfredo, quien fue testigo del asalto esta tarde a una joyer\u00eda en la plaza Antara, en Polanco, en la alcald\u00eda Miguel Hidalgo.<br><br>El joven relat\u00f3, estaba en el segundo piso del centro comercial y asegur\u00f3 que vio entre cuatro o cinco personas que estaban rompiendo las ventanas de la joyer\u00eda y uno estaba armado y dec\u00eda que no se acercaran.<br><br>Coment\u00f3 que vio &#8220;hachas&#8221; que estaban utilizando y que la polic\u00eda del lugar no hizo nada.<br>Luego de robarse los relojes, los presuntos delincuentes corrieron hacia la salida de Ej\u00e9rcito Nacional, donde abordaron motocicletas para huir con rumbo hacia el Estado de M\u00e9xico.<br><br><strong>No es el primer robo que ocurre en Plaza Antara<br><\/strong><br>El 18 de diciembre de 2017 a las 14:30 horas se registr\u00f3 otro robo a la joyer\u00eda Berger en la planta baja de Antara ubicada en Ej\u00e9rcito Nacional esquina Moliere.<br><br><strong>El ladr\u00f3n<br><\/strong><br>Un hombre ingres\u00f3 con un casco de motociclista puesto, rompi\u00f3 los cristales con un mazo y extrajo relojes de una de las vitrinas, posteriormente sali\u00f3 corriendo por la puerta principal.<br>Guardias privados lo persiguieron hasta que en la bah\u00eda de acceso el joven subi\u00f3 a una moto donde ya lo esperaba su c\u00f3mplice, quien permaneci\u00f3 oculto entre los pilares de la entrada principal.<\/p>\n","protected":false},"excerpt":{"rendered":"<p>Omar Garc\u00eda Harfuch, titular de la Secretar\u00eda de Seguridad Ciudadana de la Ciudad de M\u00e9xico (SSC-CDMX), inform\u00f3 que ya tienen al primer detenido por el asalto a la joyer\u00eda en Plaza Antara en Polanco. &#8220;Del robo a la joyer\u00eda en Antara Polanco informamos que ya se logr\u00f3 la primera detenci\u00f3n despu\u00e9s de realizar varias acciones [&hellip;]<\/p>\n","protected":false},"author":81,"featured_media":266871,"comment_status":"closed","ping_status":"closed","sticky":false,"template":"","format":"standard","meta":{"footnotes":""},"categories":[37,15],"tags":[],"class_list":["post-266870","post","type-post","status-publish","format-standard","has-post-thumbnail","hentry","category-barandilla","category-destacadas"],"_links":{"self":[{"href":"https:\/\/plazajuarez.mx\/historico\/wp-json\/wp\/v2\/posts\/266870","targetHints":{"allow":["GET"]}}],"collection":[{"href":"https:\/\/plazajuarez.mx\/historico\/wp-json\/wp\/v2\/posts"}],"about":[{"href":"https:\/\/plazajuarez.mx\/historico\/wp-json\/wp\/v2\/types\/post"}],"author":[{"embeddable":true,"href":"https:\/\/plazajuarez.mx\/historico\/wp-json\/wp\/v2\/users\/81"}],"replies":[{"embeddable":true,"href":"https:\/\/plazajuarez.mx\/historico\/wp-json\/wp\/v2\/comments?post=266870"}],"version-history":[{"count":0,"href":"https:\/\/plazajuarez.mx\/historico\/wp-json\/wp\/v2\/posts\/266870\/revisions"}],"wp:featuredmedia":[{"embeddable":true,"href":"https:\/\/plazajuarez.mx\/historico\/wp-json\/wp\/v2\/media\/266871"}],"wp:attachment":[{"href":"https:\/\/plazajuarez.mx\/historico\/wp-json\/wp\/v2\/media?parent=266870"}],"wp:term":[{"taxonomy":"category","embeddable":true,"href":"https:\/\/plazajuarez.mx\/historico\/wp-json\/wp\/v2\/categories?post=266870"},{"taxonomy":"post_tag","embeddable":true,"href":"https:\/\/plazajuarez.mx\/historico\/wp-json\/wp\/v2\/tags?post=266870"}],"curies":[{"name":"wp","href":"https:\/\/api.w.org\/{rel}","templated":true}]}}