{"id":26687,"date":"2016-08-14T15:48:07","date_gmt":"2016-08-14T15:48:07","guid":{"rendered":"http:\/\/plazajuarez.mx\/index\/index.php\/2016\/08\/14\/gasealos-a-todos-gasealos-a-todos\/"},"modified":"2016-08-14T15:48:07","modified_gmt":"2016-08-14T15:48:07","slug":"gasealos-a-todos-gasealos-a-todos","status":"publish","type":"post","link":"https:\/\/plazajuarez.mx\/historico\/gasealos-a-todos-gasealos-a-todos\/","title":{"rendered":"\u00abGas\u00e9alos a todos, gas\u00e9alos a todos\u00bb"},"content":{"rendered":"<p dir=\"ltr\" style=\"line-height: 1.2; margin-top: 0pt; margin-bottom: 10pt;\">\u00a0<\/p>\n<ul style=\"margin-top: 0pt; margin-bottom: 0pt;\">\n<li dir=\"ltr\" style=\"list-style-type: disc; font-size: 21.333333333333332px; font-family: Arial; color: #000000; background-color: transparent; font-weight: bold; font-style: normal; font-variant: normal; text-decoration: none; vertical-align: baseline;\">\n<p dir=\"ltr\" style=\"line-height: 1.2; margin-top: 0pt; margin-bottom: 10pt;\"><span style=\"font-size: 21.333333333333332px; font-family: 'Times New Roman'; color: #000000; background-color: transparent; font-weight: bold; font-style: normal; font-variant: normal; text-decoration: none; vertical-align: baseline; white-space: pre-wrap;\">Un antiguo compa\u00f1ero de colegio desvela el pasado fascista del del ex l\u00edder del partido UKIP<\/span><\/p>\n<\/li>\n<\/ul>\n<p dir=\"ltr\" style=\"line-height: 1.2; margin-top: 0pt; margin-bottom: 10pt;\"><span style=\"font-size: 18.666666666666664px; font-family: 'Times New Roman'; color: #000000; background-color: #ffff00; font-weight: 400; font-style: normal; font-variant: normal; text-decoration: none; vertical-align: baseline; white-space: pre-wrap;\">\u00abCuando le vi junto a un cartel de la campa\u00f1a &#8220;Leave&#8221; con la imagen de refugiados y con las palabras &#8220;breaking point&#8221; (punto de inflexi\u00f3n) pens\u00e9 que era el momento de hablar claro\u00bb, se\u00f1ala en la misiva<\/span><\/p>\n<p>  <!--more-->  <\/p>\n<p dir=\"ltr\" style=\"line-height: 1.2; margin-top: 0pt; margin-bottom: 10pt;\"><span style=\"font-size: 18.666666666666664px; font-family: 'Times New Roman'; color: #000000; background-color: transparent; font-weight: 400; font-style: normal; font-variant: normal; text-decoration: none; vertical-align: baseline; white-space: pre-wrap;\">Las \u00abtravesuras\u00bb del pasado cuando era un adolescente vuelven a salpicar al pol\u00e9mico Nigel Farage. Un compa\u00f1ero de colegio, que no ha querido desvelar su nombre, envi\u00f3 una carta a The Independent, dirigida al pol\u00edtico, revelando a todos el pasado fascista del hombre que promovi\u00f3 la campa\u00f1a del Brexit, que finalmente sac\u00f3 al Reino Unido de la Uni\u00f3n Europea, y que ha realizado controvertidos comentarios sobre los refugiados.<\/span><\/p>\n<p dir=\"ltr\" style=\"line-height: 1.2; margin-top: 0pt; margin-bottom: 10pt;\"><span style=\"font-size: 18.666666666666664px; font-family: 'Times New Roman'; color: #000000; background-color: transparent; font-weight: 400; font-style: normal; font-variant: normal; text-decoration: none; vertical-align: baseline; white-space: pre-wrap;\">Seg\u00fan este antiguo compa\u00f1ero, que estudi\u00f3 con el ex l\u00edder del UKIP en el Dulwich College a finales de la d\u00e9cada de los a\u00f1os 70 y principios de los 80, \u00e9ste se sent\u00eda orgulloso de que sus iniciales coincidieran con las del partido Frente Nacional. Tambi\u00e9n recuerda que le gustaba cantar la canci\u00f3n neonazi \u00abGas &#8216;em all, gas &#8216;em all\u00bb (gas\u00e9alos a todos, gas\u00e9alos a todos), en referencia a los jud\u00edos, informa The Independent.<\/span><\/p>\n<p>\u00a0<\/p>\n<p dir=\"ltr\" style=\"line-height: 1.2; margin-top: 0pt; margin-bottom: 10pt;\"><span style=\"font-size: 18.666666666666664px; font-family: 'Times New Roman'; color: #000000; background-color: transparent; font-weight: 400; font-style: normal; font-variant: normal; text-decoration: none; vertical-align: baseline; white-space: pre-wrap;\">Si bien durante muchos a\u00f1os, el compa\u00f1ero de Farage vio con orgullo del ascenso de este en la carrera pol\u00edtica, que le ha llevado a ser diputado del Parlamento Europeo, ha sido ahora cuando ha querido romper su largo silencio alarmado por comportamientos que en su opini\u00f3n han creado una gran divisi\u00f3n.<\/span><\/p>\n","protected":false},"excerpt":{"rendered":"<p>\u00a0 Un antiguo compa\u00f1ero de colegio desvela el pasado fascista del del ex l\u00edder del partido UKIP \u00abCuando le vi junto a un cartel de la campa\u00f1a &#8220;Leave&#8221; con la imagen de refugiados y con las palabras &#8220;breaking point&#8221; (punto de inflexi\u00f3n) pens\u00e9 que era el momento de hablar claro\u00bb, se\u00f1ala en la misiva<\/p>\n","protected":false},"author":3,"featured_media":0,"comment_status":"open","ping_status":"open","sticky":false,"template":"","format":"standard","meta":{"footnotes":""},"categories":[31],"tags":[],"class_list":["post-26687","post","type-post","status-publish","format-standard","hentry","category-orbe"],"_links":{"self":[{"href":"https:\/\/plazajuarez.mx\/historico\/wp-json\/wp\/v2\/posts\/26687","targetHints":{"allow":["GET"]}}],"collection":[{"href":"https:\/\/plazajuarez.mx\/historico\/wp-json\/wp\/v2\/posts"}],"about":[{"href":"https:\/\/plazajuarez.mx\/historico\/wp-json\/wp\/v2\/types\/post"}],"author":[{"embeddable":true,"href":"https:\/\/plazajuarez.mx\/historico\/wp-json\/wp\/v2\/users\/3"}],"replies":[{"embeddable":true,"href":"https:\/\/plazajuarez.mx\/historico\/wp-json\/wp\/v2\/comments?post=26687"}],"version-history":[{"count":0,"href":"https:\/\/plazajuarez.mx\/historico\/wp-json\/wp\/v2\/posts\/26687\/revisions"}],"wp:attachment":[{"href":"https:\/\/plazajuarez.mx\/historico\/wp-json\/wp\/v2\/media?parent=26687"}],"wp:term":[{"taxonomy":"category","embeddable":true,"href":"https:\/\/plazajuarez.mx\/historico\/wp-json\/wp\/v2\/categories?post=26687"},{"taxonomy":"post_tag","embeddable":true,"href":"https:\/\/plazajuarez.mx\/historico\/wp-json\/wp\/v2\/tags?post=26687"}],"curies":[{"name":"wp","href":"https:\/\/api.w.org\/{rel}","templated":true}]}}