{"id":266851,"date":"2023-06-26T22:05:18","date_gmt":"2023-06-27T04:05:18","guid":{"rendered":"https:\/\/plazajuarez.mx\/?p=266851"},"modified":"2023-06-26T22:05:22","modified_gmt":"2023-06-27T04:05:22","slug":"platica-sobre-violencia-intrafamiliar-en-escuelas-de-tulancingo","status":"publish","type":"post","link":"https:\/\/plazajuarez.mx\/historico\/platica-sobre-violencia-intrafamiliar-en-escuelas-de-tulancingo\/","title":{"rendered":"Pl\u00e1tica sobre violencia intrafamiliar en escuelas de Tulancingo"},"content":{"rendered":"\n<p>La prevenci\u00f3n de la violencia contra las mujeres es la acci\u00f3n prioritaria que lleva a cabo la Instancia Municipal de las Mujeres, del gobierno municipal de Tulancingo.<\/p>\n\n\n\n<p>Por tal motivo, el pasado fin de semana, la instancia efectu\u00f3 una pl\u00e1tica denominada: \u201cViolencia Intrafamiliar\u201d.<\/p>\n\n\n\n<p>Cabe mencionar que en esta ocasi\u00f3n la charla fue dirigida s\u00f3lo a varones de la localidad de La Lagunilla.<\/p>\n\n\n\n<p>As\u00ed lo dio a conocer Carolina M\u00e1rquez Cabrera, titular de la dependencia, quien indic\u00f3 que la sede fue el jard\u00edn de ni\u00f1os La Corregidora.<\/p>\n\n\n\n<p>La funcionaria Indic\u00f3 que la convocatoria por parte de los varones de ese sitio fue buena, y el objetivo se cumpli\u00f3, al acercarles el conocimiento; a fin de evitar situaciones que afecten la integridad de los miembros de la familia.<\/p>\n\n\n\n<p>Agreg\u00f3 que hoy 26 de junio, se visitar\u00e1 el plantel de educaci\u00f3n b\u00e1sica Guadalupe Victoria, en el marco del D\u00eda Naranja que se celebra los 25 de cada mes.<\/p>\n\n\n\n<p>Finalmente cit\u00f3 qu\u00e9, si requieren mayor informaci\u00f3n, pueden consultar la p\u00e1gina oficial de la Instancia Municipal de las Mujeres, donde se podr\u00e1n consultar horarios y fechas.&nbsp;&nbsp;&nbsp;&nbsp;&nbsp;&nbsp;&nbsp;&nbsp;&nbsp;&nbsp;&nbsp;&nbsp;<\/p>\n\n\n\n<p>Con este tipo de actividades, la actual administraci\u00f3n promueve y difunde acciones en pro del bienestar de las mujeres, a fin de erradicar esta grave problem\u00e1tica que lamentablemente, persiste en todo el mundo.&nbsp;&nbsp;<\/p>\n","protected":false},"excerpt":{"rendered":"<p>La prevenci\u00f3n de la violencia contra las mujeres es la acci\u00f3n prioritaria que lleva a cabo la Instancia Municipal de las Mujeres, del gobierno municipal de Tulancingo. Por tal motivo, el pasado fin de semana, la instancia efectu\u00f3 una pl\u00e1tica denominada: \u201cViolencia Intrafamiliar\u201d. Cabe mencionar que en esta ocasi\u00f3n la charla fue dirigida s\u00f3lo a [&hellip;]<\/p>\n","protected":false},"author":93,"featured_media":266852,"comment_status":"closed","ping_status":"closed","sticky":false,"template":"","format":"standard","meta":{"footnotes":""},"categories":[2159,40],"tags":[],"class_list":["post-266851","post","type-post","status-publish","format-standard","has-post-thumbnail","hentry","category-noticias-de-hidalgo","category-region"],"_links":{"self":[{"href":"https:\/\/plazajuarez.mx\/historico\/wp-json\/wp\/v2\/posts\/266851","targetHints":{"allow":["GET"]}}],"collection":[{"href":"https:\/\/plazajuarez.mx\/historico\/wp-json\/wp\/v2\/posts"}],"about":[{"href":"https:\/\/plazajuarez.mx\/historico\/wp-json\/wp\/v2\/types\/post"}],"author":[{"embeddable":true,"href":"https:\/\/plazajuarez.mx\/historico\/wp-json\/wp\/v2\/users\/93"}],"replies":[{"embeddable":true,"href":"https:\/\/plazajuarez.mx\/historico\/wp-json\/wp\/v2\/comments?post=266851"}],"version-history":[{"count":0,"href":"https:\/\/plazajuarez.mx\/historico\/wp-json\/wp\/v2\/posts\/266851\/revisions"}],"wp:featuredmedia":[{"embeddable":true,"href":"https:\/\/plazajuarez.mx\/historico\/wp-json\/wp\/v2\/media\/266852"}],"wp:attachment":[{"href":"https:\/\/plazajuarez.mx\/historico\/wp-json\/wp\/v2\/media?parent=266851"}],"wp:term":[{"taxonomy":"category","embeddable":true,"href":"https:\/\/plazajuarez.mx\/historico\/wp-json\/wp\/v2\/categories?post=266851"},{"taxonomy":"post_tag","embeddable":true,"href":"https:\/\/plazajuarez.mx\/historico\/wp-json\/wp\/v2\/tags?post=266851"}],"curies":[{"name":"wp","href":"https:\/\/api.w.org\/{rel}","templated":true}]}}