{"id":26685,"date":"2016-08-14T15:45:21","date_gmt":"2016-08-14T15:45:21","guid":{"rendered":"http:\/\/plazajuarez.mx\/index\/index.php\/2016\/08\/14\/dirigentes-del-pan-y-pri-sin-moral-para-senalar-a-amlo-morena\/"},"modified":"2016-08-14T15:45:21","modified_gmt":"2016-08-14T15:45:21","slug":"dirigentes-del-pan-y-pri-sin-moral-para-senalar-a-amlo-morena","status":"publish","type":"post","link":"https:\/\/plazajuarez.mx\/historico\/dirigentes-del-pan-y-pri-sin-moral-para-senalar-a-amlo-morena\/","title":{"rendered":"Dirigentes del PAN y PRI, sin moral   para se\u00f1alar a AMLO: Morena"},"content":{"rendered":"<p dir=\"ltr\" style=\"line-height: 1.2; margin-top: 0pt; margin-bottom: 10pt;\">\u00a0<\/p>\n<p dir=\"ltr\" style=\"line-height: 1.2; margin-top: 0pt; margin-bottom: 10pt;\"><span style=\"font-size: 18.666666666666664px; font-family: 'Times New Roman'; color: #000000; background-color: transparent; font-weight: 400; font-style: normal; font-variant: normal; text-decoration: none; vertical-align: baseline; white-space: pre-wrap;\">La coordinadora de los diputados del Movimiento de Regeneraci\u00f3n Nacional (Morena), Roc\u00edo Nahle, se\u00f1al\u00f3 que los presidentes de los partidos Acci\u00f3n Nacional (PAN), Ricardo Anaya, y Revolucionario Institucional (PRI), Enrique Ochoa, no tienen calidad moral para criticar a su l\u00edder Andr\u00e9s Manuel L\u00f3pez Obrador, por la declaraci\u00f3n 3 de 3 que hizo.<\/span><\/p>\n<p>  <!--more-->  <\/p>\n<p dir=\"ltr\" style=\"line-height: 1.2; margin-top: 0pt; margin-bottom: 10pt;\"><span style=\"font-size: 18.666666666666664px; font-family: 'Times New Roman'; color: #000000; background-color: transparent; font-weight: 400; font-style: normal; font-variant: normal; text-decoration: none; vertical-align: baseline; white-space: pre-wrap;\">&#8220;No tienen calidad moral ni Anaya ni Ochoa Reza, para se\u00f1alar o mencionar a Andr\u00e9s Manuel. \u00c9l ya hizo una declaraci\u00f3n patrimonial, fiscal y de inter\u00e9s (3de3) y ah\u00ed est\u00e1&#8221;, afirm\u00f3.<\/span><\/p>\n<p dir=\"ltr\" style=\"line-height: 1.2; margin-top: 0pt; margin-bottom: 10pt;\"><span style=\"font-size: 18.666666666666664px; font-family: 'Times New Roman'; color: #000000; background-color: transparent; font-weight: 400; font-style: normal; font-variant: normal; text-decoration: none; vertical-align: baseline; white-space: pre-wrap;\">Nahle Garc\u00eda expres\u00f3 que para ambos ser pol\u00edtico es ser corrupto y millonario, pero Andr\u00e9s Manuel ya les contest\u00f3 que su inter\u00e9s no es el dinero.<\/span><\/p>\n<p dir=\"ltr\" style=\"line-height: 1.2; margin-top: 0pt; margin-bottom: 10pt;\"><span style=\"font-size: 18.666666666666664px; font-family: 'Times New Roman'; color: #000000; background-color: transparent; font-weight: 400; font-style: normal; font-variant: normal; text-decoration: none; vertical-align: baseline; white-space: pre-wrap;\">&#8220;Hay que decirle al rey de los moches, el se\u00f1or Anaya, y al jeque de los autos, Ochoa Reza, que el le\u00f3n cree que todos son de su condici\u00f3n&#8221;, apunt\u00f3.<\/span><\/p>\n<p>\u00a0<\/p>\n<p dir=\"ltr\" style=\"line-height: 1.2; margin-top: 0pt; margin-bottom: 10pt;\"><span style=\"font-size: 18.666666666666664px; font-family: 'Times New Roman'; color: #000000; background-color: transparent; font-weight: 400; font-style: normal; font-variant: normal; text-decoration: none; vertical-align: baseline; white-space: pre-wrap;\">La l\u00edder parlamentaria tambi\u00e9n calific\u00f3 al Instituto Mexicano para la Competitividad (IMCO) como una instituci\u00f3n &#8220;sin calidad moral&#8221;, por haber asesorado al gobierno en la reforma energ\u00e9tica y por estar presionando para que L\u00f3pez Obrador hiciera su declaraci\u00f3n, la cual ya se present\u00f3.<\/span><\/p>\n","protected":false},"excerpt":{"rendered":"<p>\u00a0 La coordinadora de los diputados del Movimiento de Regeneraci\u00f3n Nacional (Morena), Roc\u00edo Nahle, se\u00f1al\u00f3 que los presidentes de los partidos Acci\u00f3n Nacional (PAN), Ricardo Anaya, y Revolucionario Institucional (PRI), Enrique Ochoa, no tienen calidad moral para criticar a su l\u00edder Andr\u00e9s Manuel L\u00f3pez Obrador, por la declaraci\u00f3n 3 de 3 que hizo.<\/p>\n","protected":false},"author":3,"featured_media":0,"comment_status":"open","ping_status":"open","sticky":false,"template":"","format":"standard","meta":{"footnotes":""},"categories":[36],"tags":[],"class_list":["post-26685","post","type-post","status-publish","format-standard","hentry","category-nacion"],"_links":{"self":[{"href":"https:\/\/plazajuarez.mx\/historico\/wp-json\/wp\/v2\/posts\/26685","targetHints":{"allow":["GET"]}}],"collection":[{"href":"https:\/\/plazajuarez.mx\/historico\/wp-json\/wp\/v2\/posts"}],"about":[{"href":"https:\/\/plazajuarez.mx\/historico\/wp-json\/wp\/v2\/types\/post"}],"author":[{"embeddable":true,"href":"https:\/\/plazajuarez.mx\/historico\/wp-json\/wp\/v2\/users\/3"}],"replies":[{"embeddable":true,"href":"https:\/\/plazajuarez.mx\/historico\/wp-json\/wp\/v2\/comments?post=26685"}],"version-history":[{"count":0,"href":"https:\/\/plazajuarez.mx\/historico\/wp-json\/wp\/v2\/posts\/26685\/revisions"}],"wp:attachment":[{"href":"https:\/\/plazajuarez.mx\/historico\/wp-json\/wp\/v2\/media?parent=26685"}],"wp:term":[{"taxonomy":"category","embeddable":true,"href":"https:\/\/plazajuarez.mx\/historico\/wp-json\/wp\/v2\/categories?post=26685"},{"taxonomy":"post_tag","embeddable":true,"href":"https:\/\/plazajuarez.mx\/historico\/wp-json\/wp\/v2\/tags?post=26685"}],"curies":[{"name":"wp","href":"https:\/\/api.w.org\/{rel}","templated":true}]}}