{"id":26684,"date":"2016-08-14T15:43:44","date_gmt":"2016-08-14T15:43:44","guid":{"rendered":"http:\/\/plazajuarez.mx\/index\/index.php\/2016\/08\/14\/libre-ex-directora-de-penal-del-que-escapo-el-chapo\/"},"modified":"2016-08-14T15:43:44","modified_gmt":"2016-08-14T15:43:44","slug":"libre-ex-directora-de-penal-del-que-escapo-el-chapo","status":"publish","type":"post","link":"https:\/\/plazajuarez.mx\/historico\/libre-ex-directora-de-penal-del-que-escapo-el-chapo\/","title":{"rendered":"Libre ex directora de penal   del que escap\u00f3 El Chapo"},"content":{"rendered":"<p dir=\"ltr\" style=\"line-height: 1.2; margin-top: 0pt; margin-bottom: 10pt;\">\u00a0<\/p>\n<p dir=\"ltr\" style=\"line-height: 1.2; margin-top: 0pt; margin-bottom: 10pt;\"><span style=\"font-size: 18.666666666666664px; font-family: 'Times New Roman'; color: #000000; background-color: transparent; font-weight: 400; font-style: normal; font-variant: normal; text-decoration: none; vertical-align: baseline; white-space: pre-wrap;\">Mediante la obtenci\u00f3n de un amparo en revisi\u00f3n, obtuvo su libertad bajo reservas de ley la ex directora jur\u00eddica del Cefereso n\u00famero 1, Altiplano, Leonor Garc\u00eda Garc\u00eda. La funcionaria fue inculpada junto con un grupo de servidores p\u00fablicos de encubrir la fuga de Joaqu\u00edn \u201cEl Chapo\u201d Guzm\u00e1n Loera.<\/span><\/p>\n<p>  <!--more-->  <\/p>\n<p dir=\"ltr\" style=\"line-height: 1.2; margin-top: 0pt; margin-bottom: 10pt;\"><span style=\"font-size: 18.666666666666664px; font-family: 'Times New Roman'; color: #000000; background-color: transparent; font-weight: 400; font-style: normal; font-variant: normal; text-decoration: none; vertical-align: baseline; white-space: pre-wrap;\">La PGR se\u00f1al\u00f3 que es respetuosa de esta resoluci\u00f3n judicial, aunque \u201csostiene su convicci\u00f3n sobre la responsabilidad de la persona enjuiciada en virtud de que, seg\u00fan se observa en el an\u00e1lisis detallado de la resoluci\u00f3n, la autoridad juzgadora desestim\u00f3 elementos fundamentales para sostener las acusaciones\u201d.<\/span><\/p>\n<p>\u00a0<\/p>\n<p dir=\"ltr\" style=\"line-height: 1.2; margin-top: 0pt; margin-bottom: 10pt;\"><span style=\"font-size: 18.666666666666664px; font-family: 'Times New Roman'; color: #000000; background-color: transparent; font-weight: 400; font-style: normal; font-variant: normal; text-decoration: none; vertical-align: baseline; white-space: pre-wrap;\">Dijo que \u201cexisten dos autoridades judiciales, una de procesos y otra de amparo, distintas a las que emiti\u00f3 esta \u00faltima resoluci\u00f3n -libertad bajo reservas de ley-, que antes, en tres ocasiones, resolvieron en sentido contrario y acreditaron el cuerpo del delito y la probable responsabilidad de la ex servidora p\u00fablica\u201d. Se\u00f1al\u00f3 que revisa los elementos probatorios integrados en su consignaci\u00f3n y analiza las acciones que conforme a derecho procedan.<\/span><\/p>\n","protected":false},"excerpt":{"rendered":"<p>\u00a0 Mediante la obtenci\u00f3n de un amparo en revisi\u00f3n, obtuvo su libertad bajo reservas de ley la ex directora jur\u00eddica del Cefereso n\u00famero 1, Altiplano, Leonor Garc\u00eda Garc\u00eda. La funcionaria fue inculpada junto con un grupo de servidores p\u00fablicos de encubrir la fuga de Joaqu\u00edn \u201cEl Chapo\u201d Guzm\u00e1n Loera.<\/p>\n","protected":false},"author":3,"featured_media":0,"comment_status":"open","ping_status":"open","sticky":false,"template":"","format":"standard","meta":{"footnotes":""},"categories":[36],"tags":[],"class_list":["post-26684","post","type-post","status-publish","format-standard","hentry","category-nacion"],"_links":{"self":[{"href":"https:\/\/plazajuarez.mx\/historico\/wp-json\/wp\/v2\/posts\/26684","targetHints":{"allow":["GET"]}}],"collection":[{"href":"https:\/\/plazajuarez.mx\/historico\/wp-json\/wp\/v2\/posts"}],"about":[{"href":"https:\/\/plazajuarez.mx\/historico\/wp-json\/wp\/v2\/types\/post"}],"author":[{"embeddable":true,"href":"https:\/\/plazajuarez.mx\/historico\/wp-json\/wp\/v2\/users\/3"}],"replies":[{"embeddable":true,"href":"https:\/\/plazajuarez.mx\/historico\/wp-json\/wp\/v2\/comments?post=26684"}],"version-history":[{"count":0,"href":"https:\/\/plazajuarez.mx\/historico\/wp-json\/wp\/v2\/posts\/26684\/revisions"}],"wp:attachment":[{"href":"https:\/\/plazajuarez.mx\/historico\/wp-json\/wp\/v2\/media?parent=26684"}],"wp:term":[{"taxonomy":"category","embeddable":true,"href":"https:\/\/plazajuarez.mx\/historico\/wp-json\/wp\/v2\/categories?post=26684"},{"taxonomy":"post_tag","embeddable":true,"href":"https:\/\/plazajuarez.mx\/historico\/wp-json\/wp\/v2\/tags?post=26684"}],"curies":[{"name":"wp","href":"https:\/\/api.w.org\/{rel}","templated":true}]}}