{"id":26683,"date":"2016-08-14T15:42:25","date_gmt":"2016-08-14T15:42:25","guid":{"rendered":"http:\/\/plazajuarez.mx\/index\/index.php\/2016\/08\/14\/piden-a-pri-edomex-iniciar-trabajo-electoral\/"},"modified":"2016-08-14T15:42:25","modified_gmt":"2016-08-14T15:42:25","slug":"piden-a-pri-edomex-iniciar-trabajo-electoral","status":"publish","type":"post","link":"https:\/\/plazajuarez.mx\/historico\/piden-a-pri-edomex-iniciar-trabajo-electoral\/","title":{"rendered":"Piden a PRI-Edomex iniciar trabajo electoral"},"content":{"rendered":"<p dir=\"ltr\" style=\"line-height: 1.2; margin-top: 0pt; margin-bottom: 10pt;\">\u00a0<\/p>\n<p dir=\"ltr\" style=\"line-height: 1.2; margin-top: 0pt; margin-bottom: 10pt;\"><span style=\"font-size: 18.666666666666664px; font-family: 'Times New Roman'; color: #000000; background-color: transparent; font-weight: 400; font-style: normal; font-variant: normal; text-decoration: none; vertical-align: baseline; white-space: pre-wrap;\">El dirigente nacional del Partido Revolucionario Institucional (PRI), Enrique Ochoa Reza, pidi\u00f3 a los pri\u00edstas del Estado de M\u00e9xico arrancar con el trabajo partidista de cara a las elecciones del 2017.<\/span><\/p>\n<p>  <!--more-->  <\/p>\n<p dir=\"ltr\" style=\"line-height: 1.2; margin-top: 0pt; margin-bottom: 10pt;\"><span style=\"font-size: 18.666666666666664px; font-family: 'Times New Roman'; color: #000000; background-color: transparent; font-weight: 400; font-style: normal; font-variant: normal; text-decoration: none; vertical-align: baseline; white-space: pre-wrap;\">En el marco de la instalaci\u00f3n del Consejo Pol\u00edtico Estatal 2016-2019, el dirigente nacional pri\u00edsta pidi\u00f3 trabajar para mantener el gobierno. Ello, dijo, se podr\u00e1 lograr con la apertura de puertas a la sociedad.<\/span><\/p>\n<p dir=\"ltr\" style=\"line-height: 1.2; margin-top: 0pt; margin-bottom: 10pt;\"><span style=\"font-size: 18.666666666666664px; font-family: 'Times New Roman'; color: #000000; background-color: transparent; font-weight: 400; font-style: normal; font-variant: normal; text-decoration: none; vertical-align: baseline; white-space: pre-wrap;\">\u201cConvoco que ante el c\u00ednico enga\u00f1o y oportunismo de nuestros adversarios pol\u00edticos, los enfrentemos con el argumento, demos el debate, convoquemos a la ciudadan\u00eda, demostremos que somos m\u00e1s y mejores, juntos mantengamos el gobierno en el Estado de M\u00e9xico a favor del PRI\u201d, indic\u00f3.<\/span><\/p>\n<p>\u00a0<\/p>\n<p dir=\"ltr\" style=\"line-height: 1.2; margin-top: 0pt; margin-bottom: 10pt;\"><span style=\"font-size: 18.666666666666664px; font-family: 'Times New Roman'; color: #000000; background-color: transparent; font-weight: 400; font-style: normal; font-variant: normal; text-decoration: none; vertical-align: baseline; white-space: pre-wrap;\">Enrique Ochoa se\u00f1al\u00f3 que el Consejo Pol\u00edtico que qued\u00f3 instalado debe dedicarse a definir qu\u00e9 es lo que va a hacer para ganar las elecciones y cada quien debe tomar su responsabilidad.<\/span><\/p>\n","protected":false},"excerpt":{"rendered":"<p>\u00a0 El dirigente nacional del Partido Revolucionario Institucional (PRI), Enrique Ochoa Reza, pidi\u00f3 a los pri\u00edstas del Estado de M\u00e9xico arrancar con el trabajo partidista de cara a las elecciones del 2017.<\/p>\n","protected":false},"author":3,"featured_media":0,"comment_status":"open","ping_status":"open","sticky":false,"template":"","format":"standard","meta":{"footnotes":""},"categories":[36],"tags":[],"class_list":["post-26683","post","type-post","status-publish","format-standard","hentry","category-nacion"],"_links":{"self":[{"href":"https:\/\/plazajuarez.mx\/historico\/wp-json\/wp\/v2\/posts\/26683","targetHints":{"allow":["GET"]}}],"collection":[{"href":"https:\/\/plazajuarez.mx\/historico\/wp-json\/wp\/v2\/posts"}],"about":[{"href":"https:\/\/plazajuarez.mx\/historico\/wp-json\/wp\/v2\/types\/post"}],"author":[{"embeddable":true,"href":"https:\/\/plazajuarez.mx\/historico\/wp-json\/wp\/v2\/users\/3"}],"replies":[{"embeddable":true,"href":"https:\/\/plazajuarez.mx\/historico\/wp-json\/wp\/v2\/comments?post=26683"}],"version-history":[{"count":0,"href":"https:\/\/plazajuarez.mx\/historico\/wp-json\/wp\/v2\/posts\/26683\/revisions"}],"wp:attachment":[{"href":"https:\/\/plazajuarez.mx\/historico\/wp-json\/wp\/v2\/media?parent=26683"}],"wp:term":[{"taxonomy":"category","embeddable":true,"href":"https:\/\/plazajuarez.mx\/historico\/wp-json\/wp\/v2\/categories?post=26683"},{"taxonomy":"post_tag","embeddable":true,"href":"https:\/\/plazajuarez.mx\/historico\/wp-json\/wp\/v2\/tags?post=26683"}],"curies":[{"name":"wp","href":"https:\/\/api.w.org\/{rel}","templated":true}]}}