{"id":26680,"date":"2016-08-14T15:35:52","date_gmt":"2016-08-14T15:35:52","guid":{"rendered":"http:\/\/plazajuarez.mx\/index\/index.php\/2016\/08\/14\/aberrante-liberacion-de-lideres-de-cnte\/"},"modified":"2016-08-14T15:35:52","modified_gmt":"2016-08-14T15:35:52","slug":"aberrante-liberacion-de-lideres-de-cnte","status":"publish","type":"post","link":"https:\/\/plazajuarez.mx\/historico\/aberrante-liberacion-de-lideres-de-cnte\/","title":{"rendered":"\u201cAberrante\u201d, liberaci\u00f3n de l\u00edderes de CNTE"},"content":{"rendered":"<p dir=\"ltr\" style=\"line-height: 1.2; margin-top: 0pt; margin-bottom: 10pt;\">\u00a0<\/p>\n<ul style=\"margin-top: 0pt; margin-bottom: 0pt;\">\n<li dir=\"ltr\" style=\"list-style-type: disc; font-size: 21.333333333333332px; font-family: Arial; color: #000000; background-color: transparent; font-weight: bold; font-style: normal; font-variant: normal; text-decoration: none; vertical-align: baseline;\">\n<p dir=\"ltr\" style=\"line-height: 1.2; margin-top: 0pt; margin-bottom: 10pt;\"><span style=\"font-size: 21.333333333333332px; font-family: 'Times New Roman'; color: #000000; background-color: transparent; font-weight: bold; font-style: normal; font-variant: normal; text-decoration: none; vertical-align: baseline; white-space: pre-wrap;\">Critica la manera en que est\u00e1n conduciendo al pa\u00eds<\/span><\/p>\n<\/li>\n<\/ul>\n<p dir=\"ltr\" style=\"line-height: 1.2; margin-top: 0pt; margin-bottom: 10pt;\"><span style=\"font-size: 18.666666666666664px; font-family: 'Times New Roman'; color: #000000; background-color: #ffff00; font-weight: 400; font-style: normal; font-variant: normal; text-decoration: none; vertical-align: baseline; white-space: pre-wrap;\">\u201cNos dejan en Oaxaca una econom\u00eda lesionada, con graves consecuencias que vamos a ver no solamente este a\u00f1o sino los pr\u00f3ximos; la actitud del gobierno es terrible, el propio gobierno tuerce la ley; seguramente les pag\u00f3 las fianzas, esto es inconcebible, es abonar a la corrupci\u00f3n, es abonar a la impunidad\u201d.<\/span><\/p>\n<p>  <!--more-->  <\/p>\n<p dir=\"ltr\" style=\"line-height: 1.2; margin-top: 0pt; margin-bottom: 10pt;\"><span style=\"font-size: 18.666666666666664px; font-family: 'Times New Roman'; color: #000000; background-color: transparent; font-weight: 400; font-style: normal; font-variant: normal; text-decoration: none; vertical-align: baseline; white-space: pre-wrap;\">Tras la libertad bajo cauci\u00f3n de Rub\u00e9n N\u00fa\u00f1ez y Francisco Villalobos, principales dirigentes de la Secci\u00f3n 22 de la CNTE, el presidente en la entidad de la C\u00e1mara Nacional de Comercio-Servicios y Turismo (Canaco-Servytur), Jaime Zorrilla, reproch\u00f3 la excarcelaci\u00f3n:<\/span><\/p>\n<p dir=\"ltr\" style=\"line-height: 1.2; margin-top: 0pt; margin-bottom: 10pt;\"><span style=\"font-size: 18.666666666666664px; font-family: 'Times New Roman'; color: #000000; background-color: transparent; font-weight: 400; font-style: normal; font-variant: normal; text-decoration: none; vertical-align: baseline; white-space: pre-wrap;\">\u201cEs aberrante lo que est\u00e1 sucediendo, c\u00f3mo est\u00e1n conduciendo en este pa\u00eds las cosas; nos tiene muy preocupado la situaci\u00f3n, vemos que despu\u00e9s de un gran desorden, de lesionar la econom\u00eda, la paz, la tranquilidad, a los negocios, a los trabajadores de las empresas, las cosas se resuelvan as\u00ed, no hay consecuencias para el gobierno, no hay consecuencias para los grupos que operan fuera de la ley y finalmente el gobierno sigue cediendo en la totalidad a los chantajes\u201d.<\/span><\/p>\n<p dir=\"ltr\" style=\"line-height: 1.2; margin-top: 0pt; margin-bottom: 10pt;\"><span style=\"font-size: 18.666666666666664px; font-family: 'Times New Roman'; color: #000000; background-color: transparent; font-weight: 400; font-style: normal; font-variant: normal; text-decoration: none; vertical-align: baseline; white-space: pre-wrap;\">Lament\u00f3 que en el caso de N\u00fa\u00f1ez Ginez, a pesar de que est\u00e1 acusado del mismo delito de lavado de dinero por el que est\u00e1 encarcelada Elba Esther Gordillo, la ex l\u00edder del SNTE contin\u00fae en prisi\u00f3n.<\/span><\/p>\n<p>\u00a0<\/p>\n<p dir=\"ltr\" style=\"line-height: 1.2; margin-top: 0pt; margin-bottom: 10pt;\"><span style=\"font-size: 18.666666666666664px; font-family: 'Times New Roman'; color: #000000; background-color: transparent; font-weight: 400; font-style: normal; font-variant: normal; text-decoration: none; vertical-align: baseline; white-space: pre-wrap;\">Demand\u00f3 a la Secretar\u00eda de Gobernaci\u00f3n una soluci\u00f3n a fondo del caso e inform\u00f3 que con las dem\u00e1s c\u00e1maras empresariales analizan otras medidas de protesta en la capital del pa\u00eds.<\/span><\/p>\n","protected":false},"excerpt":{"rendered":"<p>\u00a0 Critica la manera en que est\u00e1n conduciendo al pa\u00eds \u201cNos dejan en Oaxaca una econom\u00eda lesionada, con graves consecuencias que vamos a ver no solamente este a\u00f1o sino los pr\u00f3ximos; la actitud del gobierno es terrible, el propio gobierno tuerce la ley; seguramente les pag\u00f3 las fianzas, esto es inconcebible, es abonar a la [&hellip;]<\/p>\n","protected":false},"author":3,"featured_media":0,"comment_status":"open","ping_status":"open","sticky":false,"template":"","format":"standard","meta":{"footnotes":""},"categories":[36],"tags":[],"class_list":["post-26680","post","type-post","status-publish","format-standard","hentry","category-nacion"],"_links":{"self":[{"href":"https:\/\/plazajuarez.mx\/historico\/wp-json\/wp\/v2\/posts\/26680","targetHints":{"allow":["GET"]}}],"collection":[{"href":"https:\/\/plazajuarez.mx\/historico\/wp-json\/wp\/v2\/posts"}],"about":[{"href":"https:\/\/plazajuarez.mx\/historico\/wp-json\/wp\/v2\/types\/post"}],"author":[{"embeddable":true,"href":"https:\/\/plazajuarez.mx\/historico\/wp-json\/wp\/v2\/users\/3"}],"replies":[{"embeddable":true,"href":"https:\/\/plazajuarez.mx\/historico\/wp-json\/wp\/v2\/comments?post=26680"}],"version-history":[{"count":0,"href":"https:\/\/plazajuarez.mx\/historico\/wp-json\/wp\/v2\/posts\/26680\/revisions"}],"wp:attachment":[{"href":"https:\/\/plazajuarez.mx\/historico\/wp-json\/wp\/v2\/media?parent=26680"}],"wp:term":[{"taxonomy":"category","embeddable":true,"href":"https:\/\/plazajuarez.mx\/historico\/wp-json\/wp\/v2\/categories?post=26680"},{"taxonomy":"post_tag","embeddable":true,"href":"https:\/\/plazajuarez.mx\/historico\/wp-json\/wp\/v2\/tags?post=26680"}],"curies":[{"name":"wp","href":"https:\/\/api.w.org\/{rel}","templated":true}]}}