{"id":26679,"date":"2016-08-14T15:32:28","date_gmt":"2016-08-14T15:32:28","guid":{"rendered":"http:\/\/plazajuarez.mx\/index\/index.php\/2016\/08\/14\/construyen-tanques-septicos-con-biodigestores-en-comunidades\/"},"modified":"2016-08-14T15:32:28","modified_gmt":"2016-08-14T15:32:28","slug":"construyen-tanques-septicos-con-biodigestores-en-comunidades","status":"publish","type":"post","link":"https:\/\/plazajuarez.mx\/historico\/construyen-tanques-septicos-con-biodigestores-en-comunidades\/","title":{"rendered":"Construyen tanques s\u00e9pticos con  biodigestores en comunidades"},"content":{"rendered":"<p dir=\"ltr\" style=\"line-height: 1.2; margin-top: 0pt; margin-bottom: 0pt;\">\u00a0<\/p>\n<p>\u00a0<\/p>\n<p><b style=\"font-weight: normal;\">\u00a0<\/b><\/p>\n<p dir=\"ltr\" style=\"line-height: 1.2; margin-top: 0pt; margin-bottom: 0pt;\">Con el objetivo de que las familias de las comunidades rurales tengan una mejor calidad de vida y cuiden su salud, la Presidencia Municipal, en coordinaci\u00f3n con la Secretar\u00eda de Desarrollo Social estatal, inici\u00f3 la construcci\u00f3n de tanques s\u00e9pticos de tratamiento primario con biodigestores.<\/p>\n<p>  <!--more-->  <\/p>\n<p><b style=\"font-weight: normal;\">\u00a0<\/b><\/p>\n<p dir=\"ltr\" style=\"line-height: 1.2; margin-top: 0pt; margin-bottom: 0pt;\"><span style=\"font-size: 18.666666666666664px; font-family: 'Times New Roman'; color: #000000; background-color: transparent; font-weight: 400; font-style: normal; font-variant: normal; text-decoration: none; vertical-align: baseline; white-space: pre-wrap;\">En la construcci\u00f3n de diez tanques s\u00e9pticos de tratamiento primario con biodigestores, en las comunidades de Coatlaco y Rancho Nuevo, se invertir\u00e1n m\u00e1s de 400 mil pesos, provenientes de recursos estatales otorgados por la Sedeso, se\u00f1al\u00f3 el alcalde, Gerardo L\u00f3pez Ram\u00edrez.<\/span><\/p>\n<p><b style=\"font-weight: normal;\">\u00a0<\/b><\/p>\n<p dir=\"ltr\" style=\"line-height: 1.2; margin-top: 0pt; margin-bottom: 0pt;\"><span style=\"font-size: 18.666666666666664px; font-family: 'Times New Roman'; color: #000000; background-color: transparent; font-weight: 400; font-style: normal; font-variant: normal; text-decoration: none; vertical-align: baseline; white-space: pre-wrap;\">El Presidente Municipal explic\u00f3 que la construcci\u00f3n de estos tanques s\u00e9pticos \u00a0son una de las prioridades para el municipio, y como lo marcan las reglas de operaci\u00f3n de Sedesol, se les dar\u00e1 prioridad a las comunidades con mayor rezago en materia de drenajes.<\/span><\/p>\n<p><b style=\"font-weight: normal;\">\u00a0<\/b><\/p>\n<p dir=\"ltr\" style=\"line-height: 1.2; margin-top: 0pt; margin-bottom: 0pt;\"><span style=\"font-size: 18.666666666666664px; font-family: 'Times New Roman'; color: #000000; background-color: transparent; font-weight: 400; font-style: normal; font-variant: normal; text-decoration: none; vertical-align: baseline; white-space: pre-wrap;\">L\u00f3pez Ram\u00edrez indic\u00f3 que el gobierno estatal lleva los servicios b\u00e1sicos a las poblaciones m\u00e1s alejadas y dispersas de la entidad y mediante la colocaci\u00f3n de pisos firmes, biodigestores, estufas ecol\u00f3gicas y celdas solares, con lo que contribuye a cuidar la calidad de vida de las personas y a que se desenvuelvan en un entorno m\u00e1s digno.<\/span><\/p>\n<p><b style=\"font-weight: normal;\">\u00a0<\/b><\/p>\n<p dir=\"ltr\" style=\"line-height: 1.2; margin-top: 0pt; margin-bottom: 0pt;\"><span style=\"font-size: 18.666666666666664px; font-family: 'Times New Roman'; color: #000000; background-color: transparent; font-weight: 400; font-style: normal; font-variant: normal; text-decoration: none; vertical-align: baseline; white-space: pre-wrap;\">En ese tenor reconoci\u00f3 que en el municipio de Almoloya persiste el rezago del servicio drenaje, debido a la dispersi\u00f3n de las comunidades y a que la dureza del suelo obstaculiza los trabajos de excavaci\u00f3n. <\/span><\/p>\n<p><b style=\"font-weight: normal;\">\u00a0<\/b><\/p>\n<p dir=\"ltr\" style=\"line-height: 1.2; margin-top: 0pt; margin-bottom: 0pt;\"><span style=\"font-size: 18.666666666666664px; font-family: 'Times New Roman'; color: #000000; background-color: transparent; font-weight: 400; font-style: normal; font-variant: normal; text-decoration: none; vertical-align: baseline; white-space: pre-wrap;\">Por esta raz\u00f3n, dijo, en casos de estas dos comunidades resulta m\u00e1s dif\u00edcil llevar el servicio de drenaje sanitario y como una nueva alternativa se implementa la instalaci\u00f3n de biodigestores para atender una necesidad b\u00e1sica de la poblaci\u00f3n.<\/span><\/p>\n<p><b style=\"font-weight: normal;\">\u00a0<\/b><\/p>\n<p dir=\"ltr\" style=\"line-height: 1.2; margin-top: 0pt; margin-bottom: 0pt;\"><span style=\"font-size: 18.666666666666664px; font-family: 'Times New Roman'; color: #000000; background-color: transparent; font-weight: 400; font-style: normal; font-variant: normal; text-decoration: none; vertical-align: baseline; white-space: pre-wrap;\">De esta manera, las familias que hasta hace unos meses usaban letrinas ahora cuentan con un mecanismo innovador que les genera menos molestias y propicia condiciones m\u00e1s higi\u00e9nicas y seguras.<\/span><\/p>\n<p dir=\"ltr\" style=\"line-height: 1.2; margin-top: 0pt; margin-bottom: 0pt;\">\u00a0<\/p>\n<p>\u00a0<\/p>\n<p dir=\"ltr\" style=\"line-height: 1.2; margin-top: 0pt; margin-bottom: 0pt;\"><span style=\"font-size: 18.666666666666664px; font-family: 'Times New Roman'; color: #000000; background-color: transparent; font-weight: 400; font-style: normal; font-variant: normal; text-decoration: none; vertical-align: baseline; white-space: pre-wrap;\">Adem\u00e1s, contribuye al cuidado del ambiente pues facilita la desintegraci\u00f3n de residuos s\u00f3lidos y filtra las aguas negras evitando la contaminaci\u00f3n del subsuelo.<\/span><\/p>\n<p><span style=\"font-size: 18.666666666666664px; font-family: 'Times New Roman'; color: #000000; background-color: transparent; font-weight: 400; font-style: normal; font-variant: normal; text-decoration: none; vertical-align: baseline; white-space: pre-wrap;\">\u00a0<\/span><\/p>\n","protected":false},"excerpt":{"rendered":"<p>\u00a0 \u00a0 \u00a0 Con el objetivo de que las familias de las comunidades rurales tengan una mejor calidad de vida y cuiden su salud, la Presidencia Municipal, en coordinaci\u00f3n con la Secretar\u00eda de Desarrollo Social estatal, inici\u00f3 la construcci\u00f3n de tanques s\u00e9pticos de tratamiento primario con biodigestores.<\/p>\n","protected":false},"author":3,"featured_media":0,"comment_status":"open","ping_status":"open","sticky":false,"template":"","format":"standard","meta":{"footnotes":""},"categories":[40],"tags":[],"class_list":["post-26679","post","type-post","status-publish","format-standard","hentry","category-region"],"_links":{"self":[{"href":"https:\/\/plazajuarez.mx\/historico\/wp-json\/wp\/v2\/posts\/26679","targetHints":{"allow":["GET"]}}],"collection":[{"href":"https:\/\/plazajuarez.mx\/historico\/wp-json\/wp\/v2\/posts"}],"about":[{"href":"https:\/\/plazajuarez.mx\/historico\/wp-json\/wp\/v2\/types\/post"}],"author":[{"embeddable":true,"href":"https:\/\/plazajuarez.mx\/historico\/wp-json\/wp\/v2\/users\/3"}],"replies":[{"embeddable":true,"href":"https:\/\/plazajuarez.mx\/historico\/wp-json\/wp\/v2\/comments?post=26679"}],"version-history":[{"count":0,"href":"https:\/\/plazajuarez.mx\/historico\/wp-json\/wp\/v2\/posts\/26679\/revisions"}],"wp:attachment":[{"href":"https:\/\/plazajuarez.mx\/historico\/wp-json\/wp\/v2\/media?parent=26679"}],"wp:term":[{"taxonomy":"category","embeddable":true,"href":"https:\/\/plazajuarez.mx\/historico\/wp-json\/wp\/v2\/categories?post=26679"},{"taxonomy":"post_tag","embeddable":true,"href":"https:\/\/plazajuarez.mx\/historico\/wp-json\/wp\/v2\/tags?post=26679"}],"curies":[{"name":"wp","href":"https:\/\/api.w.org\/{rel}","templated":true}]}}