{"id":26675,"date":"2016-08-14T15:24:41","date_gmt":"2016-08-14T15:24:41","guid":{"rendered":"http:\/\/plazajuarez.mx\/index\/index.php\/2016\/08\/14\/inauguran-gimnasios-al-aire-libre\/"},"modified":"2016-08-14T15:24:41","modified_gmt":"2016-08-14T15:24:41","slug":"inauguran-gimnasios-al-aire-libre","status":"publish","type":"post","link":"https:\/\/plazajuarez.mx\/historico\/inauguran-gimnasios-al-aire-libre\/","title":{"rendered":"Inauguran gimnasios al aire libre"},"content":{"rendered":"<p dir=\"ltr\" style=\"line-height: 1.2; margin-top: 0pt; margin-bottom: 10pt;\">\u00a0<\/p>\n<p dir=\"ltr\" style=\"line-height: 1.2; margin-top: 0pt; margin-bottom: 10pt;\"><span style=\"font-size: 18.666666666666664px; font-family: 'Times New Roman'; color: #000000; background-color: transparent; font-weight: 400; font-style: normal; font-variant: normal; text-decoration: none; vertical-align: baseline; white-space: pre-wrap;\">La Comunidad de Santa Mar\u00eda El Chico y la Colonia La Cruz son los nuevos sectores en donde se consolida el beneficio de espacios recreativos comunitarios.<\/span><\/p>\n<p>  <!--more-->  <\/p>\n<p dir=\"ltr\" style=\"line-height: 1.2; margin-top: 0pt; margin-bottom: 10pt;\"><span style=\"font-size: 18.666666666666664px; font-family: 'Times New Roman'; color: #000000; background-color: transparent; font-weight: 400; font-style: normal; font-variant: normal; text-decoration: none; vertical-align: baseline; white-space: pre-wrap;\">El presidente municipal, Julio Soto M\u00e1rquez, acompa\u00f1ado de autoridades de la Cervecer\u00eda Cuauht\u00e9moc Moctezuma, inaugur\u00f3 y puso en funcionamiento nuevos gimnasios al aire libre.<\/span><\/p>\n<p dir=\"ltr\" style=\"line-height: 1.2; margin-top: 0pt; margin-bottom: 10pt;\"><span style=\"font-size: 18.666666666666664px; font-family: 'Times New Roman'; color: #000000; background-color: transparent; font-weight: 400; font-style: normal; font-variant: normal; text-decoration: none; vertical-align: baseline; white-space: pre-wrap;\">El Jefe del Ejecutivo municipal agradeci\u00f3 a Gerardo Alfonso Soria Gurrola, Gerente de Relaciones institucionales de la empresa citada y al gerente de la zona Hidalgo, Pedro Alejandro Agredano Mart\u00ednez, su apoyo total para hacer de Tulancingo una ciudad, donde el deporte sea un estilo de vida.<\/span><\/p>\n<p dir=\"ltr\" style=\"line-height: 1.2; margin-top: 0pt; margin-bottom: 10pt;\"><span style=\"font-size: 18.666666666666664px; font-family: 'Times New Roman'; color: #000000; background-color: transparent; font-weight: 400; font-style: normal; font-variant: normal; text-decoration: none; vertical-align: baseline; white-space: pre-wrap;\">Soto M\u00e1rquez se dijo complacido en que cientos de personas de todas las edades mejoren su condici\u00f3n f\u00edsica y salud, con tan s\u00f3lo destinar unos minutos para prevenir enfermedades asociadas al sedentarismo.<\/span><\/p>\n<p dir=\"ltr\" style=\"line-height: 1.2; margin-top: 0pt; margin-bottom: 10pt;\"><span style=\"font-size: 18.666666666666664px; font-family: 'Times New Roman'; color: #000000; background-color: transparent; font-weight: 400; font-style: normal; font-variant: normal; text-decoration: none; vertical-align: baseline; white-space: pre-wrap;\">Con la \u00a0puesta en funcionamiento de los gimnasios al aire libre en Santa Mar\u00eda El Chico y la Cruz, ya suman cuatro espacios en activo, resultado de la gesti\u00f3n directa del mandatario Julio Soto ante la empresa socialmente responsable, Cervecer\u00eda Cuauht\u00e9moc.<\/span><\/p>\n<p dir=\"ltr\" style=\"line-height: 1.2; margin-top: 0pt; margin-bottom: 10pt;\"><span style=\"font-size: 18.666666666666664px; font-family: 'Times New Roman'; color: #000000; background-color: transparent; font-weight: 400; font-style: normal; font-variant: normal; text-decoration: none; vertical-align: baseline; white-space: pre-wrap;\">Se record\u00f3 que bajo este mismo esquema de trabajo coordinado (Gobierno y empresa Cuauht\u00e9moc) anteriormente se inauguraron gimnasios al aire libre en la colonia 20 de Noviembre y en la Unidad Deportiva \u201cJavier Rojo G\u00f3mez\u201d.<\/span><\/p>\n<p dir=\"ltr\" style=\"line-height: 1.2; margin-top: 0pt; margin-bottom: 10pt;\"><span style=\"font-size: 18.666666666666664px; font-family: 'Times New Roman'; color: #000000; background-color: transparent; font-weight: 400; font-style: normal; font-variant: normal; text-decoration: none; vertical-align: baseline; white-space: pre-wrap;\">As\u00ed tambi\u00e9n, la alcald\u00eda con recursos \u00a0provenientes de diversos fondos consolid\u00f3 la intervenci\u00f3n a 14 parques y espacios p\u00fablicos en el municipio.<\/span><\/p>\n<p dir=\"ltr\" style=\"line-height: 1.2; margin-top: 0pt; margin-bottom: 10pt;\"><span style=\"font-size: 18.666666666666664px; font-family: 'Times New Roman'; color: #000000; background-color: transparent; font-weight: 400; font-style: normal; font-variant: normal; text-decoration: none; vertical-align: baseline; white-space: pre-wrap;\">En estas nuevas inauguraciones de gimnasios al aire libre, los \u00a0vecinos aplaudieron esta acci\u00f3n y se mostraron felices por \u00a0estrenar \u00a0los aparatos que estimular\u00e1n la fuerza muscular de piernas, brazos, antebrazos, espalda y abdomen.<\/span><\/p>\n<p dir=\"ltr\" style=\"line-height: 1.2; margin-top: 0pt; margin-bottom: 10pt;\"><span style=\"font-size: 18.666666666666664px; font-family: 'Times New Roman'; color: #000000; background-color: transparent; font-weight: 400; font-style: normal; font-variant: normal; text-decoration: none; vertical-align: baseline; white-space: pre-wrap;\">Los vecinos se comprometieron a cuidar los aparatos que por primera vez tendr\u00e1n a escasos metros de sus viviendas.<\/span><\/p>\n<p dir=\"ltr\" style=\"line-height: 1.2; margin-top: 0pt; margin-bottom: 10pt;\"><span style=\"font-size: 18.666666666666664px; font-family: 'Times New Roman'; color: #000000; background-color: transparent; font-weight: 400; font-style: normal; font-variant: normal; text-decoration: none; vertical-align: baseline; white-space: pre-wrap;\">El primer punto de estas inauguraciones fue la comunidad de Santa Mar\u00eda El Chico, en \u00a0la que se anunciaron m\u00e1s buenas noticias.<\/span><\/p>\n<p dir=\"ltr\" style=\"line-height: 1.2; margin-top: 0pt; margin-bottom: 10pt;\"><span style=\"font-size: 18.666666666666664px; font-family: 'Times New Roman'; color: #000000; background-color: transparent; font-weight: 400; font-style: normal; font-variant: normal; text-decoration: none; vertical-align: baseline; white-space: pre-wrap;\">Fue el Alcalde quien inform\u00f3 a los habitantes de este sector del Municipio que fue \u00a0etiquetado en presupuesto, la aplicaci\u00f3n de 7.5 millones de pesos para continuar la pavimentaci\u00f3n hidr\u00e1ulica que interconectar\u00e1 a Santa Mar\u00eda con el Centro C\u00edvico Social; as\u00ed tambi\u00e9n, est\u00e1 confirmada una obra de electrificaci\u00f3n para esta misma zona.<\/span><\/p>\n<p>\u00a0<\/p>\n<p dir=\"ltr\" style=\"line-height: 1.2; margin-top: 0pt; margin-bottom: 10pt;\"><span style=\"font-size: 18.666666666666664px; font-family: 'Times New Roman'; color: #000000; background-color: transparent; font-weight: 400; font-style: normal; font-variant: normal; text-decoration: none; vertical-align: baseline; white-space: pre-wrap;\">Los beneficios de pavimentaci\u00f3n hidr\u00e1ulica y electrificaci\u00f3n para Santa Ma. El Chico suman un monto de 10 millones de pesos y con estas obras se culmina el rubro de apoyos para esta comunidad, \u00a0por parte de \u00a0la actual administraci\u00f3n, que finalizar\u00e1 el 4 de septiembre.<\/span><\/p>\n","protected":false},"excerpt":{"rendered":"<p>\u00a0 La Comunidad de Santa Mar\u00eda El Chico y la Colonia La Cruz son los nuevos sectores en donde se consolida el beneficio de espacios recreativos comunitarios.<\/p>\n","protected":false},"author":3,"featured_media":0,"comment_status":"open","ping_status":"open","sticky":false,"template":"","format":"standard","meta":{"footnotes":""},"categories":[40],"tags":[],"class_list":["post-26675","post","type-post","status-publish","format-standard","hentry","category-region"],"_links":{"self":[{"href":"https:\/\/plazajuarez.mx\/historico\/wp-json\/wp\/v2\/posts\/26675","targetHints":{"allow":["GET"]}}],"collection":[{"href":"https:\/\/plazajuarez.mx\/historico\/wp-json\/wp\/v2\/posts"}],"about":[{"href":"https:\/\/plazajuarez.mx\/historico\/wp-json\/wp\/v2\/types\/post"}],"author":[{"embeddable":true,"href":"https:\/\/plazajuarez.mx\/historico\/wp-json\/wp\/v2\/users\/3"}],"replies":[{"embeddable":true,"href":"https:\/\/plazajuarez.mx\/historico\/wp-json\/wp\/v2\/comments?post=26675"}],"version-history":[{"count":0,"href":"https:\/\/plazajuarez.mx\/historico\/wp-json\/wp\/v2\/posts\/26675\/revisions"}],"wp:attachment":[{"href":"https:\/\/plazajuarez.mx\/historico\/wp-json\/wp\/v2\/media?parent=26675"}],"wp:term":[{"taxonomy":"category","embeddable":true,"href":"https:\/\/plazajuarez.mx\/historico\/wp-json\/wp\/v2\/categories?post=26675"},{"taxonomy":"post_tag","embeddable":true,"href":"https:\/\/plazajuarez.mx\/historico\/wp-json\/wp\/v2\/tags?post=26675"}],"curies":[{"name":"wp","href":"https:\/\/api.w.org\/{rel}","templated":true}]}}