{"id":26674,"date":"2016-08-14T15:22:27","date_gmt":"2016-08-14T15:22:27","guid":{"rendered":"http:\/\/plazajuarez.mx\/index\/index.php\/2016\/08\/14\/asaltan-autobus-de-pasajeros-que-viajaba-a-tulancingo\/"},"modified":"2016-08-14T15:22:27","modified_gmt":"2016-08-14T15:22:27","slug":"asaltan-autobus-de-pasajeros-que-viajaba-a-tulancingo","status":"publish","type":"post","link":"https:\/\/plazajuarez.mx\/historico\/asaltan-autobus-de-pasajeros-que-viajaba-a-tulancingo\/","title":{"rendered":"Asaltan autob\u00fas de pasajeros   que viajaba a Tulancingo"},"content":{"rendered":"<p><span style=\"color: #000000; font-family: Arial;\"><b>\u00a0<\/b><\/span><\/p>\n<p dir=\"ltr\" style=\"line-height: 1.2; margin-top: 0pt; margin-bottom: 10pt;\">\u00a0<\/p>\n<p dir=\"ltr\" style=\"line-height: 1.2; margin-top: 0pt; margin-bottom: 10pt;\"><span style=\"font-size: 18.666666666666664px; font-family: 'Times New Roman'; color: #000000; background-color: #ffffff; font-weight: 400; font-style: normal; font-variant: normal; text-decoration: none; vertical-align: baseline; white-space: pre-wrap;\">Un autob\u00fas de la l\u00ednea <\/span><span style=\"font-size: 18.666666666666664px; font-family: 'Times New Roman'; color: #000000; background-color: #ffffff; font-weight: 400; font-style: italic; font-variant: normal; text-decoration: none; vertical-align: baseline; white-space: pre-wrap;\">Tizayuca<\/span><span style=\"font-size: 18.666666666666664px; font-family: 'Times New Roman'; color: #000000; background-color: #ffffff; font-weight: 400; font-style: normal; font-variant: normal; text-decoration: none; vertical-align: baseline; white-space: pre-wrap;\"> fue asaltado la noche del viernes cuando, a la altura de la comunidad de Mat\u00edas Rodr\u00edguez, en direcci\u00f3n a Tulancingo, dos sujetos despojaron de sus pertenencias tanto al chofer como a pasajeros.<\/span><\/p>\n<p>  <!--more-->  <\/p>\n<p dir=\"ltr\" style=\"line-height: 1.2; margin-top: 0pt; margin-bottom: 10pt;\"><span style=\"font-size: 18.666666666666664px; font-family: 'Times New Roman'; color: #000000; background-color: #ffffff; font-weight: 400; font-style: normal; font-variant: normal; text-decoration: none; vertical-align: baseline; white-space: pre-wrap;\">El reporte fue emitido por C-4 a eso de las nueve y media de la noche del pasado viernes; el cual refer\u00eda a que el autob\u00fas 201 de la l\u00ednea Tizayuca, acababa de ser asaltado y se encontraba a la altura de la plaza San Francisco, en espera de ambulancias para la revisi\u00f3n de posibles lesionados.<\/span><\/p>\n<p dir=\"ltr\" style=\"line-height: 1.2; margin-top: 0pt; margin-bottom: 10pt;\"><span style=\"font-size: 18.666666666666664px; font-family: 'Times New Roman'; color: #000000; background-color: #ffffff; font-weight: 400; font-style: normal; font-variant: normal; text-decoration: none; vertical-align: baseline; white-space: pre-wrap;\">De acuerdo al relato de algunos afectados, dos sujetos hicieron la parada y se subieron a la altura la UAEH, en Pachuca; m\u00e1s tarde, a la altura de la comunidad referida, dichos sujetos amagaron con armas de fuego a chofer y pasajeros, a quienes quitaron celulares, cartera y dinero en efectivo.<\/span><\/p>\n<p dir=\"ltr\" style=\"line-height: 1.2; margin-top: 0pt; margin-bottom: 10pt;\"><span style=\"font-size: 18.666666666666664px; font-family: 'Times New Roman'; color: #000000; background-color: #ffffff; font-weight: 400; font-style: normal; font-variant: normal; text-decoration: none; vertical-align: baseline; white-space: pre-wrap;\">Tras despojar de sus pertenencias a cada uno de los pasajeros, los maleantes pidieron a la unidad detenerse a la altura del nuevo Hospital General de Tulancingo, sobre la carretera federal M\u00e9xico-Tuxpan; donde descendieron y se dieron a la fuga en autom\u00f3vil color negro conducido por otro sujeto, en el que huyeron con direcci\u00f3n al estado de M\u00e9xico.<\/span><\/p>\n<p dir=\"ltr\" style=\"line-height: 1.2; margin-top: 0pt; margin-bottom: 10pt;\"><span style=\"font-size: 18.666666666666664px; font-family: 'Times New Roman'; color: #000000; background-color: #ffffff; font-weight: 400; font-style: normal; font-variant: normal; text-decoration: none; vertical-align: baseline; white-space: pre-wrap;\">Luego del reporte se implement\u00f3 un operativo conjunto de b\u00fasqueda y localizaci\u00f3n entre la polic\u00eda federal, estatal y municipal, pero con resultados negativos.<\/span><\/p>\n<p>\u00a0<\/p>\n<p dir=\"ltr\" style=\"line-height: 1.2; margin-top: 0pt; margin-bottom: 10pt;\"><span style=\"font-size: 18.666666666666664px; font-family: 'Times New Roman'; color: #000000; background-color: #ffffff; font-weight: 400; font-style: normal; font-variant: normal; text-decoration: none; vertical-align: baseline; white-space: pre-wrap;\">Adem\u00e1s del susto e impotencia ante el hecho, algunos afectados recibieron agresiones f\u00edsicas por parte de los asaltantes, pero sin mayores consecuencias, afortunadamente.<\/span><\/p>\n","protected":false},"excerpt":{"rendered":"<p>\u00a0 \u00a0 Un autob\u00fas de la l\u00ednea Tizayuca fue asaltado la noche del viernes cuando, a la altura de la comunidad de Mat\u00edas Rodr\u00edguez, en direcci\u00f3n a Tulancingo, dos sujetos despojaron de sus pertenencias tanto al chofer como a pasajeros.<\/p>\n","protected":false},"author":3,"featured_media":0,"comment_status":"open","ping_status":"open","sticky":false,"template":"","format":"standard","meta":{"footnotes":""},"categories":[40],"tags":[],"class_list":["post-26674","post","type-post","status-publish","format-standard","hentry","category-region"],"_links":{"self":[{"href":"https:\/\/plazajuarez.mx\/historico\/wp-json\/wp\/v2\/posts\/26674","targetHints":{"allow":["GET"]}}],"collection":[{"href":"https:\/\/plazajuarez.mx\/historico\/wp-json\/wp\/v2\/posts"}],"about":[{"href":"https:\/\/plazajuarez.mx\/historico\/wp-json\/wp\/v2\/types\/post"}],"author":[{"embeddable":true,"href":"https:\/\/plazajuarez.mx\/historico\/wp-json\/wp\/v2\/users\/3"}],"replies":[{"embeddable":true,"href":"https:\/\/plazajuarez.mx\/historico\/wp-json\/wp\/v2\/comments?post=26674"}],"version-history":[{"count":0,"href":"https:\/\/plazajuarez.mx\/historico\/wp-json\/wp\/v2\/posts\/26674\/revisions"}],"wp:attachment":[{"href":"https:\/\/plazajuarez.mx\/historico\/wp-json\/wp\/v2\/media?parent=26674"}],"wp:term":[{"taxonomy":"category","embeddable":true,"href":"https:\/\/plazajuarez.mx\/historico\/wp-json\/wp\/v2\/categories?post=26674"},{"taxonomy":"post_tag","embeddable":true,"href":"https:\/\/plazajuarez.mx\/historico\/wp-json\/wp\/v2\/tags?post=26674"}],"curies":[{"name":"wp","href":"https:\/\/api.w.org\/{rel}","templated":true}]}}