{"id":26673,"date":"2016-08-14T14:16:00","date_gmt":"2016-08-14T14:16:00","guid":{"rendered":"http:\/\/plazajuarez.mx\/index\/index.php\/2016\/08\/14\/sale-de-prision-ex-directora-de-el-altiplano\/"},"modified":"2016-08-14T14:16:00","modified_gmt":"2016-08-14T14:16:00","slug":"sale-de-prision-ex-directora-de-el-altiplano","status":"publish","type":"post","link":"https:\/\/plazajuarez.mx\/historico\/sale-de-prision-ex-directora-de-el-altiplano\/","title":{"rendered":"SALE DE PRISI\u00d3N EX   DIRECTORA DE EL ALTIPLANO"},"content":{"rendered":"<p dir=\"ltr\" style=\"line-height: 1.295; margin-top: 0pt; margin-bottom: 8pt;\">\u00a0<\/p>\n<p dir=\"ltr\" style=\"line-height: 1.295; margin-top: 0pt; margin-bottom: 8pt;\"><span style=\"font-size: 14.666666666666666px; font-family: Calibri; color: #000000; background-color: transparent; font-weight: 400; font-style: normal; font-variant: normal; text-decoration: none; vertical-align: baseline; white-space: pre-wrap;\">La exdirectora jur\u00eddica del penal federal de El Altiplano durante la fuga de Joaqu\u00edn \u2018El Chapo\u2019 Guzm\u00e1n, obtuvo su libertad bajo las reservas de ley tras obtener un amparo del Tercer Tribunal Colegiado del Segundo Circuito Judicial de la Federaci\u00f3n.<\/span><\/p>\n<p>  <!--more-->  <\/p>\n<p dir=\"ltr\" style=\"line-height: 1.295; margin-top: 0pt; margin-bottom: 8pt;\"><span style=\"font-size: 14.666666666666666px; font-family: Calibri; color: #000000; background-color: transparent; font-weight: 400; font-style: normal; font-variant: normal; text-decoration: none; vertical-align: baseline; white-space: pre-wrap;\">Leonor Garc\u00eda, la ex servidora p\u00fablica fue una de las se\u00f1aladas por las autoridades como parte del grupo de funcionarios que habr\u00edan favorecido la fuga de Joaqu\u00edn &#8220;El Chapo&#8221; Guzm\u00e1n, de dicho penal ocurrida el 11 de julio de 2015.<\/span><\/p>\n<p dir=\"ltr\" style=\"line-height: 1.295; margin-top: 0pt; margin-bottom: 8pt;\"><span style=\"font-size: 14.666666666666666px; font-family: Calibri; color: #000000; background-color: transparent; font-weight: 400; font-style: normal; font-variant: normal; text-decoration: none; vertical-align: baseline; white-space: pre-wrap;\">Cabe recordar que una semana despu\u00e9s de la \u00faltima fuga de Guzm\u00e1n Loera, fueron liberados quince custodios, mientras que siete m\u00e1s fueron consignados al penal del Altiplano. <\/span><\/p>\n<p dir=\"ltr\" style=\"line-height: 1.295; margin-top: 0pt; margin-bottom: 8pt;\"><span style=\"font-size: 14.666666666666666px; font-family: Calibri; color: #000000; background-color: transparent; font-weight: 400; font-style: normal; font-variant: normal; text-decoration: none; vertical-align: baseline; white-space: pre-wrap;\">Al respecto la Procuradur\u00eda General de la Rep\u00fablica (PGR) indic\u00f3 que ser\u00e1 respetuosa de esta resoluci\u00f3n judicial y de los \u00e1mbitos de competencia en materia de administraci\u00f3n de justicia; no obstante ya analiza la ruta a seguir.<\/span><\/p>\n<p dir=\"ltr\" style=\"line-height: 1.295; margin-top: 0pt; margin-bottom: 8pt;\"><span style=\"font-size: 14.666666666666666px; font-family: Calibri; color: #000000; background-color: transparent; font-weight: 400; font-style: normal; font-variant: normal; text-decoration: none; vertical-align: baseline; white-space: pre-wrap;\">El Ministerio P\u00fablico de la Federaci\u00f3n sostiene su convicci\u00f3n sobre la responsabilidad de la persona enjuiciada, en virtud de que, seg\u00fan se observa en el an\u00e1lisis detallado de la resoluci\u00f3n, la autoridad juzgadora desestim\u00f3 elementos fundamentales para sostener las acusaciones en contra de Leonor Garc\u00eda.<\/span><\/p>\n<p dir=\"ltr\" style=\"line-height: 1.295; margin-top: 0pt; margin-bottom: 8pt;\"><span style=\"font-size: 14.666666666666666px; font-family: Calibri; color: #000000; background-color: transparent; font-weight: 400; font-style: normal; font-variant: normal; text-decoration: none; vertical-align: baseline; white-space: pre-wrap;\">En un comunicado indic\u00f3 que existen dos autoridades judiciales, una de procesos y otra de amparo, distintas a la que emiti\u00f3 \u00e9sta \u00faltima resoluci\u00f3n, que antes resolvieron en sentido contrario y acreditaron el cuerpo del delito y la probable responsabilidad de la ex servidora p\u00fablica.<\/span><\/p>\n<p><span id=\"docs-internal-guid-e2b29343-8968-f948-7b7b-21da1418dc59\"><span style=\"font-size: 14.6667px; font-family: Calibri; color: #000000; vertical-align: baseline; white-space: pre-wrap; background-color: transparent;\">En ejercicio de sus facultades, la PGR revisa los elementos probatorios integrados en su consignaci\u00f3n y analiza las acciones que conforme a derecho procedan.<\/span><\/span><\/p>\n","protected":false},"excerpt":{"rendered":"<p>\u00a0 La exdirectora jur\u00eddica del penal federal de El Altiplano durante la fuga de Joaqu\u00edn \u2018El Chapo\u2019 Guzm\u00e1n, obtuvo su libertad bajo las reservas de ley tras obtener un amparo del Tercer Tribunal Colegiado del Segundo Circuito Judicial de la Federaci\u00f3n.<\/p>\n","protected":false},"author":1,"featured_media":0,"comment_status":"open","ping_status":"open","sticky":false,"template":"","format":"standard","meta":{"footnotes":""},"categories":[37],"tags":[],"class_list":["post-26673","post","type-post","status-publish","format-standard","hentry","category-barandilla"],"_links":{"self":[{"href":"https:\/\/plazajuarez.mx\/historico\/wp-json\/wp\/v2\/posts\/26673","targetHints":{"allow":["GET"]}}],"collection":[{"href":"https:\/\/plazajuarez.mx\/historico\/wp-json\/wp\/v2\/posts"}],"about":[{"href":"https:\/\/plazajuarez.mx\/historico\/wp-json\/wp\/v2\/types\/post"}],"author":[{"embeddable":true,"href":"https:\/\/plazajuarez.mx\/historico\/wp-json\/wp\/v2\/users\/1"}],"replies":[{"embeddable":true,"href":"https:\/\/plazajuarez.mx\/historico\/wp-json\/wp\/v2\/comments?post=26673"}],"version-history":[{"count":0,"href":"https:\/\/plazajuarez.mx\/historico\/wp-json\/wp\/v2\/posts\/26673\/revisions"}],"wp:attachment":[{"href":"https:\/\/plazajuarez.mx\/historico\/wp-json\/wp\/v2\/media?parent=26673"}],"wp:term":[{"taxonomy":"category","embeddable":true,"href":"https:\/\/plazajuarez.mx\/historico\/wp-json\/wp\/v2\/categories?post=26673"},{"taxonomy":"post_tag","embeddable":true,"href":"https:\/\/plazajuarez.mx\/historico\/wp-json\/wp\/v2\/tags?post=26673"}],"curies":[{"name":"wp","href":"https:\/\/api.w.org\/{rel}","templated":true}]}}