{"id":26672,"date":"2016-08-14T14:14:21","date_gmt":"2016-08-14T14:14:21","guid":{"rendered":"http:\/\/plazajuarez.mx\/index\/index.php\/2016\/08\/14\/tragica-muerte-vuelca-automovil-y-sale-proyectado\/"},"modified":"2016-08-14T14:14:21","modified_gmt":"2016-08-14T14:14:21","slug":"tragica-muerte-vuelca-automovil-y-sale-proyectado","status":"publish","type":"post","link":"https:\/\/plazajuarez.mx\/historico\/tragica-muerte-vuelca-automovil-y-sale-proyectado\/","title":{"rendered":"TR\u00c1GICA MUERTE, VUELCA  AUTOM\u00d3VIL Y SALE PROYECTADO"},"content":{"rendered":"<p dir=\"ltr\" style=\"line-height: 1.2; margin-top: 0pt; margin-bottom: 4.5pt;\">\u00a0<\/p>\n<p dir=\"ltr\" style=\"line-height: 1.2; margin-top: 4.5pt; margin-bottom: 4.5pt;\"><span style=\"font-size: 14.666666666666666px; font-family: Calibri; color: #1d2129; background-color: transparent; font-weight: bold; font-style: normal; font-variant: normal; text-decoration: none; vertical-align: baseline; white-space: pre-wrap;\">La unidad en la que circulaba volc\u00f3 aparatosamente y el hoy occiso sali\u00f3 proyectado por varios metros<\/span><\/p>\n<p>  <!--more-->  <\/p>\n<p dir=\"ltr\" style=\"line-height: 1.2; margin-top: 4.5pt; margin-bottom: 4.5pt;\"><span style=\"font-size: 14.666666666666666px; font-family: Calibri; color: #1d2129; background-color: transparent; font-weight: 400; font-style: normal; font-variant: normal; text-decoration: none; vertical-align: baseline; white-space: pre-wrap;\">Desafortunadamente sali\u00f3 para no regresar, pues tr\u00e1gica muerte encontr\u00f3 un masculino la noche del viernes cuando sufri\u00f3 un impresionante accidente automovil\u00edstico.<\/span><\/p>\n<p dir=\"ltr\" style=\"line-height: 1.295; margin-top: 0pt; margin-bottom: 8pt;\"><span style=\"font-size: 14.666666666666666px; font-family: Calibri; color: #000000; background-color: transparent; font-weight: 400; font-style: normal; font-variant: normal; text-decoration: none; vertical-align: baseline; white-space: pre-wrap;\">Por la noche del viernes se recibi\u00f3 el reporte de un hecho de tr\u00e1nsito <\/span><span style=\"font-size: 14.666666666666666px; font-family: Calibri; color: #1d2129; background-color: transparent; font-weight: 400; font-style: normal; font-variant: normal; text-decoration: none; vertical-align: baseline; white-space: pre-wrap;\">a la altura del Colegio de Bachilleres del Estado de Hidalgo (COBAEH) Campus Tula de Allende<\/span><span style=\"font-size: 14.666666666666666px; font-family: Calibri; color: #000000; background-color: transparent; font-weight: 400; font-style: normal; font-variant: normal; text-decoration: none; vertical-align: baseline; white-space: pre-wrap;\">, en donde se report\u00f3 el cuerpo de un hombre tirado y un carro volcado. <\/span><\/p>\n<p dir=\"ltr\" style=\"line-height: 1.2; margin-top: 4.5pt; margin-bottom: 4.5pt;\"><span style=\"font-size: 14.666666666666666px; font-family: Calibri; color: #1d2129; background-color: transparent; font-weight: 400; font-style: normal; font-variant: normal; text-decoration: none; vertical-align: baseline; white-space: pre-wrap;\">Los hechos se suscitaron sobre la carretera Tula-Tlahuelilpan, cuando la unidad en la que circulaba volc\u00f3 aparatosamente y el hoy occiso sali\u00f3 proyectado por varios metros, perdiendo la vida de forma instant\u00e1nea.<\/span><\/p>\n<p dir=\"ltr\" style=\"line-height: 1.295; margin-top: 0pt; margin-bottom: 8pt;\"><span style=\"font-size: 14.666666666666666px; font-family: Calibri; color: #000000; background-color: transparent; font-weight: 400; font-style: normal; font-variant: normal; text-decoration: none; vertical-align: baseline; white-space: pre-wrap;\">De acuerdo con el reporte preliminar, al llegar al lugar se observ\u00f3 que \u00a0un auto se hab\u00eda volcado de manera impresionante, para luego encontrar metros m\u00e1s adelante el cuerpo de la persona que lo conduc\u00eda.<\/span><\/p>\n<p>\u00a0<\/p>\n<p dir=\"ltr\" style=\"line-height: 1.295; margin-top: 0pt; margin-bottom: 8pt;\"><span style=\"font-size: 14.666666666666666px; font-family: Calibri; color: #000000; background-color: transparent; font-weight: 400; font-style: normal; font-variant: normal; text-decoration: none; vertical-align: baseline; white-space: pre-wrap;\">Testigos que transitaban por la carretera, se\u00f1alaron que conduc\u00eda a exceso de velocidad por lo que perdi\u00f3 el control del autom\u00f3vil y desafortunadamente fue lo que provoc\u00f3 la volcadura, adem\u00e1s no portaba el cintur\u00f3n de seguridad.<\/span><\/p>\n","protected":false},"excerpt":{"rendered":"<p>\u00a0 La unidad en la que circulaba volc\u00f3 aparatosamente y el hoy occiso sali\u00f3 proyectado por varios metros<\/p>\n","protected":false},"author":1,"featured_media":0,"comment_status":"open","ping_status":"open","sticky":false,"template":"","format":"standard","meta":{"footnotes":""},"categories":[37],"tags":[],"class_list":["post-26672","post","type-post","status-publish","format-standard","hentry","category-barandilla"],"_links":{"self":[{"href":"https:\/\/plazajuarez.mx\/historico\/wp-json\/wp\/v2\/posts\/26672","targetHints":{"allow":["GET"]}}],"collection":[{"href":"https:\/\/plazajuarez.mx\/historico\/wp-json\/wp\/v2\/posts"}],"about":[{"href":"https:\/\/plazajuarez.mx\/historico\/wp-json\/wp\/v2\/types\/post"}],"author":[{"embeddable":true,"href":"https:\/\/plazajuarez.mx\/historico\/wp-json\/wp\/v2\/users\/1"}],"replies":[{"embeddable":true,"href":"https:\/\/plazajuarez.mx\/historico\/wp-json\/wp\/v2\/comments?post=26672"}],"version-history":[{"count":0,"href":"https:\/\/plazajuarez.mx\/historico\/wp-json\/wp\/v2\/posts\/26672\/revisions"}],"wp:attachment":[{"href":"https:\/\/plazajuarez.mx\/historico\/wp-json\/wp\/v2\/media?parent=26672"}],"wp:term":[{"taxonomy":"category","embeddable":true,"href":"https:\/\/plazajuarez.mx\/historico\/wp-json\/wp\/v2\/categories?post=26672"},{"taxonomy":"post_tag","embeddable":true,"href":"https:\/\/plazajuarez.mx\/historico\/wp-json\/wp\/v2\/tags?post=26672"}],"curies":[{"name":"wp","href":"https:\/\/api.w.org\/{rel}","templated":true}]}}