{"id":26671,"date":"2016-08-14T14:09:53","date_gmt":"2016-08-14T14:09:53","guid":{"rendered":"http:\/\/plazajuarez.mx\/index\/index.php\/2016\/08\/14\/localizan-a-menor-de-edad-desactivan-alerta-amber\/"},"modified":"2016-08-14T14:09:53","modified_gmt":"2016-08-14T14:09:53","slug":"localizan-a-menor-de-edad-desactivan-alerta-amber","status":"publish","type":"post","link":"https:\/\/plazajuarez.mx\/historico\/localizan-a-menor-de-edad-desactivan-alerta-amber\/","title":{"rendered":"LOCALIZAN A MENOR DE EDAD, DESACTIVAN ALERTA AMBER"},"content":{"rendered":"<p dir=\"ltr\" style=\"line-height: 1.295; margin-top: 0pt; margin-bottom: 8pt;\">\u00a0<\/p>\n<p dir=\"ltr\" style=\"line-height: 1.295; margin-top: 0pt; margin-bottom: 8pt;\"><span style=\"font-size: 14.666666666666666px; font-family: Calibri; color: #000000; background-color: #ffffff; font-weight: bold; font-style: normal; font-variant: normal; text-decoration: none; vertical-align: baseline; white-space: pre-wrap;\">Afortunadamente se localiz\u00f3 a <\/span><span style=\"font-size: 14.666666666666666px; font-family: Calibri; color: #000000; background-color: transparent; font-weight: bold; font-style: normal; font-variant: normal; text-decoration: none; vertical-align: baseline; white-space: pre-wrap;\">Azarel Eunice Guill\u00e9n Rodr\u00edguez, sana y salva y presentada ante la Agencia del Ministerio P\u00fablico <\/span><\/p>\n<p dir=\"ltr\" style=\"line-height: 1.295; margin-top: 0pt; margin-bottom: 8pt;\"><span style=\"font-size: 14.666666666666666px; font-family: Calibri; color: #000000; background-color: transparent; font-weight: 400; font-style: normal; font-variant: normal; text-decoration: none; vertical-align: baseline; white-space: pre-wrap;\">El d\u00eda viernes se activ\u00f3 la Alerta Amber Hidalgo, para localizar a la menor de 13 a\u00f1os Azarel Eunice Guill\u00e9n Rodr\u00edguez,<\/span><span style=\"font-size: 14.666666666666666px; font-family: Calibri; color: #000000; background-color: #ffffff; font-weight: 400; font-style: normal; font-variant: normal; text-decoration: none; vertical-align: baseline; white-space: pre-wrap;\"> habitante del municipio de Atitalaquia.<\/span><\/p>\n<p dir=\"ltr\" style=\"line-height: 1.295; margin-top: 0pt; margin-bottom: 8pt;\"><span style=\"font-size: 14.666666666666666px; font-family: Calibri; color: #000000; background-color: transparent; font-weight: 400; font-style: normal; font-variant: normal; text-decoration: none; vertical-align: baseline; white-space: pre-wrap;\">La denuncia presentada por la madre la joven se\u00f1ala que, <\/span><span style=\"font-size: 14.666666666666666px; font-family: Calibri; color: #000000; background-color: #ffffff; font-weight: 400; font-style: normal; font-variant: normal; text-decoration: none; vertical-align: baseline; white-space: pre-wrap;\">la menor se hab\u00eda extraviado desde el pasado mi\u00e9rcoles, como cada noche se fue a dormir, pero desafortunadamente al d\u00eda siguiente no sali\u00f3 para desayunar y no estaba en su habitaci\u00f3n.<\/span><\/p>\n<p dir=\"ltr\" style=\"line-height: 1.295; margin-top: 0pt; margin-bottom: 8pt;\"><span style=\"font-size: 14.666666666666666px; font-family: Calibri; color: #000000; background-color: #ffffff; font-weight: 400; font-style: normal; font-variant: normal; text-decoration: none; vertical-align: baseline; white-space: pre-wrap;\">La Procuradur\u00eda General de Justicia capitalina activ\u00f3 la Alerta Amber para dar con el pronto paradero de la menor, ya que se hab\u00eda preguntado con familiares, amigos, vecinos as\u00ed como en la escuela para saber su paradero, pero desafortunadamente nadie proporcion\u00f3 informaci\u00f3n pues la menor no hab\u00eda sido vista, por lo que se tem\u00eda por su integridad y seguridad.<\/span><\/p>\n<p dir=\"ltr\" style=\"line-height: 1.295; margin-top: 0pt; margin-bottom: 8pt;\"><span style=\"font-size: 14.666666666666666px; font-family: Calibri; color: #000000; background-color: #ffffff; font-weight: 400; font-style: normal; font-variant: normal; text-decoration: none; vertical-align: baseline; white-space: pre-wrap;\">Afortunadamente y mediante la b\u00fasqueda por parte de las autoridades municipales, estatales y federales, adem\u00e1s de la ciudadan\u00eda, se localiz\u00f3 a <\/span><span style=\"font-size: 14.666666666666666px; font-family: Calibri; color: #000000; background-color: transparent; font-weight: 400; font-style: normal; font-variant: normal; text-decoration: none; vertical-align: baseline; white-space: pre-wrap;\">Azarel Eunice Guill\u00e9n Rodr\u00edguez, sana y salva; por lo que fue presentada ante la Agencia del Ministerio P\u00fablico (MP)<\/span><span style=\"font-size: 14.666666666666666px; font-family: Calibri; color: #000000; background-color: #ffffff; font-weight: 400; font-style: normal; font-variant: normal; text-decoration: none; vertical-align: baseline; white-space: pre-wrap;\">.<\/span><\/p>\n<p dir=\"ltr\" style=\"line-height: 1.295; margin-top: 0pt; margin-bottom: 8pt;\"><span style=\"font-size: 14.666666666666666px; font-family: Calibri; color: #000000; background-color: #ffffff; font-weight: 400; font-style: normal; font-variant: normal; text-decoration: none; vertical-align: baseline; white-space: pre-wrap;\">Al respecto, las autoridades no han dado a conocer el lugar ni la forma en la que se localiz\u00f3, para no entorpecer las investigaciones.<\/span><\/p>\n<p>\u00a0<\/p>\n<p dir=\"ltr\" style=\"line-height: 1.295; margin-top: 0pt; margin-bottom: 8pt;\"><span style=\"font-size: 14.666666666666666px; font-family: Calibri; color: #000000; background-color: transparent; font-weight: 400; font-style: normal; font-variant: normal; text-decoration: none; vertical-align: baseline; white-space: pre-wrap;\">Finalmente, la madre de la menor agradeci\u00f3 a las autoridades correspondientes la atenci\u00f3n en la difusi\u00f3n de su activaci\u00f3n y desactivaci\u00f3n de la misma Alerta, as\u00ed como a las personas que realizaron la propagaci\u00f3n de la fotograf\u00eda de Azarel Eunice Guill\u00e9n Rodr\u00edguez.<\/span><\/p>\n","protected":false},"excerpt":{"rendered":"<p>\u00a0 Afortunadamente se localiz\u00f3 a Azarel Eunice Guill\u00e9n Rodr\u00edguez, sana y salva y presentada ante la Agencia del Ministerio P\u00fablico El d\u00eda viernes se activ\u00f3 la Alerta Amber Hidalgo, para localizar a la menor de 13 a\u00f1os Azarel Eunice Guill\u00e9n Rodr\u00edguez, habitante del municipio de Atitalaquia. La denuncia presentada por la madre la joven se\u00f1ala [&hellip;]<\/p>\n","protected":false},"author":1,"featured_media":0,"comment_status":"open","ping_status":"open","sticky":false,"template":"","format":"standard","meta":{"footnotes":""},"categories":[37],"tags":[],"class_list":["post-26671","post","type-post","status-publish","format-standard","hentry","category-barandilla"],"_links":{"self":[{"href":"https:\/\/plazajuarez.mx\/historico\/wp-json\/wp\/v2\/posts\/26671","targetHints":{"allow":["GET"]}}],"collection":[{"href":"https:\/\/plazajuarez.mx\/historico\/wp-json\/wp\/v2\/posts"}],"about":[{"href":"https:\/\/plazajuarez.mx\/historico\/wp-json\/wp\/v2\/types\/post"}],"author":[{"embeddable":true,"href":"https:\/\/plazajuarez.mx\/historico\/wp-json\/wp\/v2\/users\/1"}],"replies":[{"embeddable":true,"href":"https:\/\/plazajuarez.mx\/historico\/wp-json\/wp\/v2\/comments?post=26671"}],"version-history":[{"count":0,"href":"https:\/\/plazajuarez.mx\/historico\/wp-json\/wp\/v2\/posts\/26671\/revisions"}],"wp:attachment":[{"href":"https:\/\/plazajuarez.mx\/historico\/wp-json\/wp\/v2\/media?parent=26671"}],"wp:term":[{"taxonomy":"category","embeddable":true,"href":"https:\/\/plazajuarez.mx\/historico\/wp-json\/wp\/v2\/categories?post=26671"},{"taxonomy":"post_tag","embeddable":true,"href":"https:\/\/plazajuarez.mx\/historico\/wp-json\/wp\/v2\/tags?post=26671"}],"curies":[{"name":"wp","href":"https:\/\/api.w.org\/{rel}","templated":true}]}}