{"id":266654,"date":"2023-06-26T09:25:18","date_gmt":"2023-06-26T15:25:18","guid":{"rendered":"https:\/\/plazajuarez.mx\/?p=266654"},"modified":"2023-06-26T09:25:22","modified_gmt":"2023-06-26T15:25:22","slug":"denuncian-desaparicion-de-una-joven-de-12-anos-de-edad-y-una-mujer-de-28","status":"publish","type":"post","link":"https:\/\/plazajuarez.mx\/historico\/denuncian-desaparicion-de-una-joven-de-12-anos-de-edad-y-una-mujer-de-28\/","title":{"rendered":"Denuncian desaparici\u00f3n de una joven\u00a0de 12 a\u00f1os de edad y una mujer de 28"},"content":{"rendered":"\n<p>La Procuradur\u00eda General de Justicia del Estado de Hidalgo, dio a conocer que durante las \u00faltimas horas se denunci\u00f3 la desaparici\u00f3n de dos mujeres, una de ellas menor de edad, por quienes familiares solicitan apoyo para dar con su paradero.<\/p>\n\n\n\n<p>En uno de los casos, se realiz\u00f3 activaci\u00f3n de Alerta AMBER Hidalgo en favor de Mar\u00eda de Jes\u00fas Cort\u00e9s Sedano de 12 a\u00f1os de edad, quien fue vista por \u00faltima vez en Tezontepec de Aldama el 24 de junio de 2023 y desde entonces se desconoce su paradero.<\/p>\n\n\n\n<p>La dependencia dedicada a procurar justicia solicit\u00f3 colaboraci\u00f3n para difusi\u00f3n de la Ficha de B\u00fasqueda de Margarita Hern\u00e1ndez Quinto de 28 a\u00f1os, a quien se le vio por \u00faltima vez al salir de su casa en el municipio de Apan, el 20 de junio de 2023.<\/p>\n","protected":false},"excerpt":{"rendered":"<p>La Procuradur\u00eda General de Justicia del Estado de Hidalgo, dio a conocer que durante las \u00faltimas horas se denunci\u00f3 la desaparici\u00f3n de dos mujeres, una de ellas menor de edad, por quienes familiares solicitan apoyo para dar con su paradero. En uno de los casos, se realiz\u00f3 activaci\u00f3n de Alerta AMBER Hidalgo en favor de [&hellip;]<\/p>\n","protected":false},"author":93,"featured_media":266658,"comment_status":"closed","ping_status":"closed","sticky":false,"template":"","format":"standard","meta":{"footnotes":""},"categories":[37],"tags":[],"class_list":["post-266654","post","type-post","status-publish","format-standard","has-post-thumbnail","hentry","category-barandilla"],"_links":{"self":[{"href":"https:\/\/plazajuarez.mx\/historico\/wp-json\/wp\/v2\/posts\/266654","targetHints":{"allow":["GET"]}}],"collection":[{"href":"https:\/\/plazajuarez.mx\/historico\/wp-json\/wp\/v2\/posts"}],"about":[{"href":"https:\/\/plazajuarez.mx\/historico\/wp-json\/wp\/v2\/types\/post"}],"author":[{"embeddable":true,"href":"https:\/\/plazajuarez.mx\/historico\/wp-json\/wp\/v2\/users\/93"}],"replies":[{"embeddable":true,"href":"https:\/\/plazajuarez.mx\/historico\/wp-json\/wp\/v2\/comments?post=266654"}],"version-history":[{"count":0,"href":"https:\/\/plazajuarez.mx\/historico\/wp-json\/wp\/v2\/posts\/266654\/revisions"}],"wp:featuredmedia":[{"embeddable":true,"href":"https:\/\/plazajuarez.mx\/historico\/wp-json\/wp\/v2\/media\/266658"}],"wp:attachment":[{"href":"https:\/\/plazajuarez.mx\/historico\/wp-json\/wp\/v2\/media?parent=266654"}],"wp:term":[{"taxonomy":"category","embeddable":true,"href":"https:\/\/plazajuarez.mx\/historico\/wp-json\/wp\/v2\/categories?post=266654"},{"taxonomy":"post_tag","embeddable":true,"href":"https:\/\/plazajuarez.mx\/historico\/wp-json\/wp\/v2\/tags?post=266654"}],"curies":[{"name":"wp","href":"https:\/\/api.w.org\/{rel}","templated":true}]}}