{"id":266653,"date":"2023-06-26T09:24:59","date_gmt":"2023-06-26T15:24:59","guid":{"rendered":"https:\/\/plazajuarez.mx\/?p=266653"},"modified":"2023-06-26T09:25:02","modified_gmt":"2023-06-26T15:25:02","slug":"terrible-sabado-hubo-un-decapitado-y-un-ejecutado","status":"publish","type":"post","link":"https:\/\/plazajuarez.mx\/historico\/terrible-sabado-hubo-un-decapitado-y-un-ejecutado\/","title":{"rendered":"Terrible s\u00e1bado, hubo un\u00a0decapitado y un ejecutado"},"content":{"rendered":"\n<p>Un terrible s\u00e1bado se vivi\u00f3 en San Lucas Teacalco, municipio de Tula, y en Atotonilco de Tula, donde se hall\u00f3 a un decapitado y a un hombre ejecutado de un balazo en la cabeza.<\/p>\n\n\n\n<p>Por ambos hechos, se dio intervenci\u00f3n a las polic\u00edas municipales de esas localidades y tomaron conocimiento elementos de la polic\u00eda del estado.<\/p>\n\n\n\n<p>En el basurero del cerro del Tecolote de la localidad de San Lucas Teacalco, se encontr\u00f3 el cuerpo sin vida de un hombre que estaba decapitado y que presentaba m\u00faltiples huellas de tortura.<\/p>\n\n\n\n<p>Hasta el momento, el infortunado se encuentra en calidad de desconocido y las \u00fanicas pistas que se tienen para tratar de dar con su identidad son que vest\u00eda con un pantal\u00f3n de mezclilla azul y una playera roja.<\/p>\n\n\n\n<p>En Paseos de la Pradera, frente a la glorieta cerca de la tienda Aurrer\u00e1 de Atotonilco de Tula, se cometi\u00f3 el crimen del individuo, quien present\u00f3 herida producida por arma de fuego en la cabeza.<\/p>\n\n\n\n<p>Se sabe que los autores del asesinato fueron dos individuos que viajaban en motocicleta.<\/p>\n","protected":false},"excerpt":{"rendered":"<p>Un terrible s\u00e1bado se vivi\u00f3 en San Lucas Teacalco, municipio de Tula, y en Atotonilco de Tula, donde se hall\u00f3 a un decapitado y a un hombre ejecutado de un balazo en la cabeza. Por ambos hechos, se dio intervenci\u00f3n a las polic\u00edas municipales de esas localidades y tomaron conocimiento elementos de la polic\u00eda del [&hellip;]<\/p>\n","protected":false},"author":93,"featured_media":266660,"comment_status":"closed","ping_status":"closed","sticky":false,"template":"","format":"standard","meta":{"footnotes":""},"categories":[37],"tags":[],"class_list":["post-266653","post","type-post","status-publish","format-standard","has-post-thumbnail","hentry","category-barandilla"],"_links":{"self":[{"href":"https:\/\/plazajuarez.mx\/historico\/wp-json\/wp\/v2\/posts\/266653","targetHints":{"allow":["GET"]}}],"collection":[{"href":"https:\/\/plazajuarez.mx\/historico\/wp-json\/wp\/v2\/posts"}],"about":[{"href":"https:\/\/plazajuarez.mx\/historico\/wp-json\/wp\/v2\/types\/post"}],"author":[{"embeddable":true,"href":"https:\/\/plazajuarez.mx\/historico\/wp-json\/wp\/v2\/users\/93"}],"replies":[{"embeddable":true,"href":"https:\/\/plazajuarez.mx\/historico\/wp-json\/wp\/v2\/comments?post=266653"}],"version-history":[{"count":0,"href":"https:\/\/plazajuarez.mx\/historico\/wp-json\/wp\/v2\/posts\/266653\/revisions"}],"wp:featuredmedia":[{"embeddable":true,"href":"https:\/\/plazajuarez.mx\/historico\/wp-json\/wp\/v2\/media\/266660"}],"wp:attachment":[{"href":"https:\/\/plazajuarez.mx\/historico\/wp-json\/wp\/v2\/media?parent=266653"}],"wp:term":[{"taxonomy":"category","embeddable":true,"href":"https:\/\/plazajuarez.mx\/historico\/wp-json\/wp\/v2\/categories?post=266653"},{"taxonomy":"post_tag","embeddable":true,"href":"https:\/\/plazajuarez.mx\/historico\/wp-json\/wp\/v2\/tags?post=266653"}],"curies":[{"name":"wp","href":"https:\/\/api.w.org\/{rel}","templated":true}]}}