{"id":266650,"date":"2023-06-26T09:20:12","date_gmt":"2023-06-26T15:20:12","guid":{"rendered":"https:\/\/plazajuarez.mx\/?p=266650"},"modified":"2023-06-26T09:20:53","modified_gmt":"2023-06-26T15:20:53","slug":"quien-es-la-comunidad-lgbtqi-en-mexico","status":"publish","type":"post","link":"https:\/\/plazajuarez.mx\/historico\/quien-es-la-comunidad-lgbtqi-en-mexico\/","title":{"rendered":"\u00bfQui\u00e9n es la comunidad LGBTQI en M\u00e9xico?"},"content":{"rendered":"\n<h2 class=\"wp-block-heading\"><em>IGUALDAD SUSTANTIVA, EMPODERAMIENTO EFECTIVO<\/em><\/h2>\n\n\n\n<p>Y es que hablando del \u201cD\u00eda Internacional del Orgullo LGBTQI\u201d (lesbianas, gais, bisexuales, transexuales, homosexuales e intersexuales) de todas las edades y de todo el mundo, son discriminadas en diferentes \u00e1mbitos de la vida por su orientaci\u00f3n sexual e identidad de g\u00e9nero, v\u00edctimas de agresiones f\u00edsicas, verbales, psicol\u00f3gicas, sexuales, de tortura que llegan hasta asesinatos, empezando el maltrato y repudio por parte de sus mismas familias.<\/p>\n\n\n\n<p>Se entiende por orientaci\u00f3n sexual a la capacidad que tiene una persona de sentirse atra\u00edda, rom\u00e1ntica o sexualmente hacia mujeres, hombres, personas de ambos sexos u otros; o de no sentirse atra\u00edda; y por \u201cidentidad de g\u00e9nero\u201d la manera en que cada persona a partir de su forma de ser, pensar, sentir y actuar se considera a s\u00ed misma como hombre, mujer u otro g\u00e9nero que puede corresponder o no con su sexo de nacimiento.<\/p>\n\n\n\n<p>En M\u00e9xico, seg\u00fan datos del INEGI 2021, son 5 millones de personas de la poblaci\u00f3n, lo que representa el 5.1 por ciento mayor a 15 a\u00f1os, es decir, una de cada veinte personas se autoidentifica con orientaci\u00f3n sexual y de g\u00e9nero.<\/p>\n\n\n\n<p>Las seis entidades federativas con mayor porcentaje son Colima con 8.7 puntos de la tasa porcentual, Yucat\u00e1n con 8.3, Quer\u00e9taro con el 8.2, Guerrero con el 7.4, Aguascalientes y Campeche con el 7.3.<\/p>\n\n\n\n<p>La Encuesta Nacional sobre la Diversidad Sexual y de G\u00e9nero 2021, se\u00f1ala que son 4.6 millones de personas con orientaci\u00f3n sexual diversa que representa el 4.8 por ciento, correspondiendo 1.9 millones para los hombres y 2.7 para las mujeres, que enmarca el 4.2 y 5.3 por ciento respectivamente. Con identidad de g\u00e9nero diversa son 908,6 mil, definiendo el 0.9 por ciento, de ellos, 388.1 mil son hombres y 520.5 mil mujeres, lo que representa el 0.8 por ciento y 1.0 respectivamente.<\/p>\n\n\n\n<p>Se definen con orientaci\u00f3n sexual lesbiana el 10.6 por ciento, gay con el 26.5, bisexual con el 51.7, y otras con el 11.2. Con Identidad de g\u00e9nero el 34.8 por ciento transg\u00e9nero o transexual y el 65.2 por ciento con otras.<\/p>\n\n\n\n<p>De esta poblaci\u00f3n de 5 millones, m\u00e1s de la mitad (el 67.5 por ciento) tiene entre 15 y 29 a\u00f1os de edad, su nivel educativo es m\u00e1s que el de la mitad (62.0 por ciento) y cuenta con un nivel educativo medio superior o superior; su estado civil mayoritario de estas personas es estar solteras con el 64.9 por ciento, el 16.7 vive en uni\u00f3n libre, y el 13.9 se encuentran casadas. Son personas ind\u00edgenas el 11.0 por ciento y el 3.9 afrodescendientes.<\/p>\n\n\n\n<p>No obstante a esta realidad, la encuesta presenta algunos resultados de opini\u00f3n altamente preocupantes para garantizar los derechos humanos de esta poblaci\u00f3n, por ejemplo en cuanto a que las parejas del mismo sexo muestren su afecto en p\u00fablico, la poblaci\u00f3n LGBTI+<sup> <\/sup>opina estar de acuerdo con el 81.4 por ciento, mientras que la No LGBTI+<sup> <\/sup>en desacuerdo con el 54.9; en cuanto a que las parejas del mismo sexo puedan contraer matrimonio civil, el 83.7 en acuerdo y el 58.9 en desacuerdo respectivamente; el que las parejas del mismo sexo se les permita adoptar infantes, el 76.1 en acuerdo, y en contraste el 43.8.<\/p>\n\n\n\n<p>Escenario de alta discriminaci\u00f3n que perpetua la invisibilizaci\u00f3n y violenta las normas internacionales de los derechos humanos y de los objetivos mundiales establecidos, demandando para ello a la reflexi\u00f3n y acciones de la sociedad civil y tomadores de decisiones para su atenci\u00f3n.<\/p>\n\n\n\n<p><strong><em>\u00bfY t\u00fa qu\u00e9 opinas?<\/em><\/strong><\/p>\n","protected":false},"excerpt":{"rendered":"<p>IGUALDAD SUSTANTIVA, EMPODERAMIENTO EFECTIVO Y es que hablando del \u201cD\u00eda Internacional del Orgullo LGBTQI\u201d (lesbianas, gais, bisexuales, transexuales, homosexuales e intersexuales) de todas las edades y de todo el mundo, son discriminadas en diferentes \u00e1mbitos de la vida por su orientaci\u00f3n sexual e identidad de g\u00e9nero, v\u00edctimas de agresiones f\u00edsicas, verbales, psicol\u00f3gicas, sexuales, de tortura [&hellip;]<\/p>\n","protected":false},"author":104,"featured_media":239049,"comment_status":"closed","ping_status":"closed","sticky":false,"template":"","format":"standard","meta":{"footnotes":""},"categories":[42,2157],"tags":[],"class_list":["post-266650","post","type-post","status-publish","format-standard","has-post-thumbnail","hentry","category-nuestrapalabra","category-patricia-gonzalez-lopez"],"_links":{"self":[{"href":"https:\/\/plazajuarez.mx\/historico\/wp-json\/wp\/v2\/posts\/266650","targetHints":{"allow":["GET"]}}],"collection":[{"href":"https:\/\/plazajuarez.mx\/historico\/wp-json\/wp\/v2\/posts"}],"about":[{"href":"https:\/\/plazajuarez.mx\/historico\/wp-json\/wp\/v2\/types\/post"}],"author":[{"embeddable":true,"href":"https:\/\/plazajuarez.mx\/historico\/wp-json\/wp\/v2\/users\/104"}],"replies":[{"embeddable":true,"href":"https:\/\/plazajuarez.mx\/historico\/wp-json\/wp\/v2\/comments?post=266650"}],"version-history":[{"count":0,"href":"https:\/\/plazajuarez.mx\/historico\/wp-json\/wp\/v2\/posts\/266650\/revisions"}],"wp:featuredmedia":[{"embeddable":true,"href":"https:\/\/plazajuarez.mx\/historico\/wp-json\/wp\/v2\/media\/239049"}],"wp:attachment":[{"href":"https:\/\/plazajuarez.mx\/historico\/wp-json\/wp\/v2\/media?parent=266650"}],"wp:term":[{"taxonomy":"category","embeddable":true,"href":"https:\/\/plazajuarez.mx\/historico\/wp-json\/wp\/v2\/categories?post=266650"},{"taxonomy":"post_tag","embeddable":true,"href":"https:\/\/plazajuarez.mx\/historico\/wp-json\/wp\/v2\/tags?post=266650"}],"curies":[{"name":"wp","href":"https:\/\/api.w.org\/{rel}","templated":true}]}}