{"id":266646,"date":"2023-06-26T06:04:27","date_gmt":"2023-06-26T12:04:27","guid":{"rendered":"https:\/\/plazajuarez.mx\/?p=266646"},"modified":"2023-06-26T06:04:35","modified_gmt":"2023-06-26T12:04:35","slug":"los-fantasmas-del-pri","status":"publish","type":"post","link":"https:\/\/plazajuarez.mx\/historico\/los-fantasmas-del-pri\/","title":{"rendered":"Los fantasmas del PRI\u00a0"},"content":{"rendered":"\n<h2 class=\"wp-block-heading\"><strong>Pulso del Mezquital\u00a0<\/strong><\/h2>\n\n\n\n<p>Existen muchas razones por las que deseamos olvidar al PRI, pero pocas veces se le han juntado tantas cosas en pocos d\u00edas que traen a nuestra mente recuerdos que estaban resguardados en el basurero de nuestra memoria, que no hacen otra cosa m\u00e1s que despertar al resentidazo social, ese que todos traemos dentro y que nom\u00e1s de o\u00edr el nombre de este partido, le entran a uno las ganas de irse mejor a Morena, donde son tan incluyentes que hay de todo, hasta de Morena.&nbsp;<\/p>\n\n\n\n<p>Atr\u00e1s quedaron aquellos tiempos cuando aquel que se mov\u00eda no sal\u00eda en la foto, frase acu\u00f1ada por el PRI, para todos esos que se sal\u00edan del huacal y entonces s\u00ed, aprend\u00edan a amar a Dios en tierra de indios, porque sus vidas entonces no volv\u00edan a hacer iguales, la desgracia se les ven\u00eda encima a ellos, a sus hijos y dem\u00e1s generaciones, hasta que bendito sea el se\u00f1or, surgi\u00f3 Morena y entonces puso su letrero de \u201crecibo cascajo\u201d para levantar todo ese bagazo olvidado.<\/p>\n\n\n\n<p>Despu\u00e9s de que Omar Fayad Meneses, a ese que queremos que Dios lo guarde y se le olvide d\u00f3nde, renunciara a su militancia en el PRI, la semana pasada lo hicieron masivamente, presidentes municipales, s\u00edndicos, regidores y dirigentes municipales.&nbsp;<\/p>\n\n\n\n<p>Tras la renuncia masiva, los resentidos sociales, no olvidaron que entre los que ahora se averg\u00fcenzan de su pasado priista, est\u00e1n personajes a los que aprovecharon para darles una tunda en redes sociales, desde alcaldes relacionados con actos de corrupci\u00f3n, algunos exdirigentes que deben la pensi\u00f3n alimenticia de sus hijos y otras fin\u00edsimas personas, de esas que jam\u00e1s en nuestro sano juicio les dejar\u00edamos cerca nuestra cartera.&nbsp;<\/p>\n\n\n\n<p>Y no es que el PRI haya perdido entes ideol\u00f3gicos o que sean de esos factores de unidad, con el cual un \u00e9xodo de ciudadanos a\u00fan despistados los sigan. Pero lo que llena de fe, es la postura de la dirigencia nacional, quien a pesar de que los problemas los sit\u00faan en la calle de la amargura, al mismo tiempo tienen que poner buena cara para hacerle frente a la adversidad, sabiendo que lo peor est\u00e1 por venir y a\u00fan as\u00ed, presentir que ser\u00e1 algo bueno.&nbsp;<\/p>\n\n\n\n<p>Mire, al PRI en los \u00faltimos a\u00f1os le ha llovido sobre mojado y a pesar de la adversidad, la dirigencia sigue como conejito Duracell, insistiendo que las cosas marchan bien y que aunque est\u00e9n al borde de un precipicio, juntos, dar\u00e1n un paso adelante.&nbsp;<\/p>\n\n\n\n<p>En estas condiciones, en otras latitudes ya hubieran tirado la toalla, pero aqu\u00ed se niegan hasta componer las cosas, pero con este rumbo, creo que las van a dejar mucho peor. La historia nos ha demostrado que cuando se proponen defender al peso como un perro y otras cosas parecidas, todo tiende a salir de la patada en beneficio del resentimiento social.&nbsp;<\/p>\n\n\n\n<p>Pero a pesar de todas estas desgracias, el PRI no deja de repartir sonrisas, dando a conocer con tragos amargos, seg\u00fan en su l\u00f3gica, que los buenos buenos se quedan y los malos se van. Sin duda&nbsp; hay que aprenderles algo, que a pesar de los reproches, alguien ve algo positivo en la adversidad y que por lo menos en el PRI alguien est\u00e1 contento con lo que est\u00e1 pasando. Ser\u00eda il\u00f3gico que no fueran los propios priistas.<\/p>\n\n\n\n<p>En corto:<\/p>\n\n\n\n<p>En Tasquillo, sigue la inconformidad interna en el municipio debido a la crisis pol\u00edtica que se vive por la falta de presidenta o presidente municipal, que designar\u00e1 otra vez el Congreso Local.&nbsp;<\/p>\n\n\n\n<p>S\u00edganme en Twitter y en Instagram:<\/p>\n\n\n\n<p>&nbsp;@Marko Caba\u00f1as&nbsp;<\/p>\n","protected":false},"excerpt":{"rendered":"<p>Pulso del Mezquital\u00a0 Existen muchas razones por las que deseamos olvidar al PRI, pero pocas veces se le han juntado tantas cosas en pocos d\u00edas que traen a nuestra mente recuerdos que estaban resguardados en el basurero de nuestra memoria, que no hacen otra cosa m\u00e1s que despertar al resentidazo social, ese que todos traemos [&hellip;]<\/p>\n","protected":false},"author":75,"featured_media":235451,"comment_status":"closed","ping_status":"closed","sticky":false,"template":"","format":"standard","meta":{"footnotes":""},"categories":[87,42,40],"tags":[],"class_list":["post-266646","post","type-post","status-publish","format-standard","has-post-thumbnail","hentry","category-marco-cabanas","category-nuestrapalabra","category-region"],"_links":{"self":[{"href":"https:\/\/plazajuarez.mx\/historico\/wp-json\/wp\/v2\/posts\/266646","targetHints":{"allow":["GET"]}}],"collection":[{"href":"https:\/\/plazajuarez.mx\/historico\/wp-json\/wp\/v2\/posts"}],"about":[{"href":"https:\/\/plazajuarez.mx\/historico\/wp-json\/wp\/v2\/types\/post"}],"author":[{"embeddable":true,"href":"https:\/\/plazajuarez.mx\/historico\/wp-json\/wp\/v2\/users\/75"}],"replies":[{"embeddable":true,"href":"https:\/\/plazajuarez.mx\/historico\/wp-json\/wp\/v2\/comments?post=266646"}],"version-history":[{"count":0,"href":"https:\/\/plazajuarez.mx\/historico\/wp-json\/wp\/v2\/posts\/266646\/revisions"}],"wp:featuredmedia":[{"embeddable":true,"href":"https:\/\/plazajuarez.mx\/historico\/wp-json\/wp\/v2\/media\/235451"}],"wp:attachment":[{"href":"https:\/\/plazajuarez.mx\/historico\/wp-json\/wp\/v2\/media?parent=266646"}],"wp:term":[{"taxonomy":"category","embeddable":true,"href":"https:\/\/plazajuarez.mx\/historico\/wp-json\/wp\/v2\/categories?post=266646"},{"taxonomy":"post_tag","embeddable":true,"href":"https:\/\/plazajuarez.mx\/historico\/wp-json\/wp\/v2\/tags?post=266646"}],"curies":[{"name":"wp","href":"https:\/\/api.w.org\/{rel}","templated":true}]}}