{"id":266634,"date":"2023-06-26T05:59:53","date_gmt":"2023-06-26T11:59:53","guid":{"rendered":"https:\/\/plazajuarez.mx\/?p=266634"},"modified":"2023-06-26T05:59:56","modified_gmt":"2023-06-26T11:59:56","slug":"manana-elegiran-nuevo-administrador-del-mercado-morelos","status":"publish","type":"post","link":"https:\/\/plazajuarez.mx\/historico\/manana-elegiran-nuevo-administrador-del-mercado-morelos\/","title":{"rendered":"Ma\u00f1ana elegir\u00e1n nuevo administrador del mercado Morelos"},"content":{"rendered":"\n<p><strong> IXMIQUILPAN<\/strong>.- Este martes, se llevar\u00e1 a cabo la elecci\u00f3n del nuevo administrador del mercado Morelos en Ixmiquilpan, tras la inhabilitaci\u00f3n de Heberto Vargas, quien estuvo al frente de la administraci\u00f3n hasta marzo de este a\u00f1o.\u00a0<\/p>\n\n\n\n<p>De acuerdo al regidor, Alfonso Rodr\u00edguez, hasta el viernes se registraron dos planillas y ayer concluy\u00f3 el proceso de campa\u00f1a y este d\u00eda deben mantenerse reservados de hacer proselitismo.&nbsp;<\/p>\n\n\n\n<p>Dijo que corresponde a la secretar\u00eda municipal a trav\u00e9s de la direcci\u00f3n de reglamentos y el departamento jur\u00eddico, quienes se encargar\u00e1n de la parte ejecutoria del proceso que se llevar\u00e1 a cabo este martes.&nbsp;<\/p>\n\n\n\n<p>Ante los reclamos del exadministrador Heberto Vargas inform\u00f3, que un sector del mercado s\u00ed lo respaldan y es probable que impidan la jornada de esta elecci\u00f3n y estar\u00eda obligando al ayuntamiento a intervenir nuevamente.&nbsp;<\/p>\n\n\n\n<p>Record\u00f3 que la presidenta municipal, Araceli Beltr\u00e1n Contreras, tiene las facultades para intervenir, entonces estar\u00eda nombrando ella al pr\u00f3ximo administrador del mercado, pues la elecci\u00f3n es \u00fanicamente un asunto de uso y costumbres que desde la administraci\u00f3n del expresidente, Hermilo Bravo, permiti\u00f3 a los comerciantes, elegir a su representante.&nbsp;<\/p>\n\n\n\n<p>Cabe se\u00f1alar que el exadministrador, fue inhabilitado por presuntas irregularidades en su gesti\u00f3n, asimismo, de no rendir cuentas, entre otras faltas, adem\u00e1s de una denuncia actual por usurpaci\u00f3n de funciones.<\/p>\n","protected":false},"excerpt":{"rendered":"<p>IXMIQUILPAN.- Este martes, se llevar\u00e1 a cabo la elecci\u00f3n del nuevo administrador del mercado Morelos en Ixmiquilpan, tras la inhabilitaci\u00f3n de Heberto Vargas, quien estuvo al frente de la administraci\u00f3n hasta marzo de este a\u00f1o.\u00a0 De acuerdo al regidor, Alfonso Rodr\u00edguez, hasta el viernes se registraron dos planillas y ayer concluy\u00f3 el proceso de campa\u00f1a [&hellip;]<\/p>\n","protected":false},"author":75,"featured_media":266635,"comment_status":"closed","ping_status":"closed","sticky":false,"template":"","format":"standard","meta":{"footnotes":""},"categories":[2159,40],"tags":[],"class_list":["post-266634","post","type-post","status-publish","format-standard","has-post-thumbnail","hentry","category-noticias-de-hidalgo","category-region"],"_links":{"self":[{"href":"https:\/\/plazajuarez.mx\/historico\/wp-json\/wp\/v2\/posts\/266634","targetHints":{"allow":["GET"]}}],"collection":[{"href":"https:\/\/plazajuarez.mx\/historico\/wp-json\/wp\/v2\/posts"}],"about":[{"href":"https:\/\/plazajuarez.mx\/historico\/wp-json\/wp\/v2\/types\/post"}],"author":[{"embeddable":true,"href":"https:\/\/plazajuarez.mx\/historico\/wp-json\/wp\/v2\/users\/75"}],"replies":[{"embeddable":true,"href":"https:\/\/plazajuarez.mx\/historico\/wp-json\/wp\/v2\/comments?post=266634"}],"version-history":[{"count":0,"href":"https:\/\/plazajuarez.mx\/historico\/wp-json\/wp\/v2\/posts\/266634\/revisions"}],"wp:featuredmedia":[{"embeddable":true,"href":"https:\/\/plazajuarez.mx\/historico\/wp-json\/wp\/v2\/media\/266635"}],"wp:attachment":[{"href":"https:\/\/plazajuarez.mx\/historico\/wp-json\/wp\/v2\/media?parent=266634"}],"wp:term":[{"taxonomy":"category","embeddable":true,"href":"https:\/\/plazajuarez.mx\/historico\/wp-json\/wp\/v2\/categories?post=266634"},{"taxonomy":"post_tag","embeddable":true,"href":"https:\/\/plazajuarez.mx\/historico\/wp-json\/wp\/v2\/tags?post=266634"}],"curies":[{"name":"wp","href":"https:\/\/api.w.org\/{rel}","templated":true}]}}