{"id":266631,"date":"2023-06-26T05:58:10","date_gmt":"2023-06-26T11:58:10","guid":{"rendered":"https:\/\/plazajuarez.mx\/?p=266631"},"modified":"2023-06-26T05:58:15","modified_gmt":"2023-06-26T11:58:15","slug":"educadores-comunitarios-reciben-capacitacion-y-una-retribucion-economica","status":"publish","type":"post","link":"https:\/\/plazajuarez.mx\/historico\/educadores-comunitarios-reciben-capacitacion-y-una-retribucion-economica\/","title":{"rendered":"Educadores comunitarios reciben capacitaci\u00f3n y una retribuci\u00f3n econ\u00f3mica"},"content":{"rendered":"\n<p>El secretario de Educaci\u00f3n P\u00fablica de Hidalgo, Natividad Castrej\u00f3n Valdez, junto con el director general del Consejo Nacional de Fomento Educativo, Gabriel C\u00e1mara y Cervera, y el coordinador territorial del CONAFE en Hidalgo, Joel Guerrero Ju\u00e1rez, clausuraron este fin de semana el curso denominado \u201cFundamentos Pedag\u00f3gicos para Educadores Comunitarios de Escuelas CONAFE\u201d.<\/p>\n\n\n\n<p>Durante dicho evento que se llev\u00f3 a cabo en la capital del estado, Natividad Castrej\u00f3n resalt\u00f3 que pr\u00e1cticamente en todas las localidades de la entidad, las y los menores en edad escolar tienen asegurado su acceso a la Educaci\u00f3n B\u00e1sica.<\/p>\n\n\n\n<p>Ejerciendo as\u00ed su derecho a la educaci\u00f3n laica, gratuita y obligatoria; por lo que destac\u00f3 el importante papel que para ello realizan los servicios educativos que brinda el CONAFE en las comunidades de baja y escasa poblaci\u00f3n.<\/p>\n\n\n\n<p>El encargado de la pol\u00edtica educativa en la entidad invit\u00f3 a la comunidad del CONAFE a redoblar esfuerzos y planear de la mejor manera posible las actividades del pr\u00f3ximo ciclo escolar 2023-2024. Al tiempo que refrend\u00f3 el compromiso del gobernador Julio Menchaca Salazar, de acercar los apoyos que requieran los centros escolares del CONAFE.<\/p>\n\n\n\n<p>Fueron aproximadamente 600 educadores comunitarios quienes recibieron capacitaci\u00f3n, que es ya parte de su profesionalizaci\u00f3n y gracias a ello se hicieron acreedores a una retribuci\u00f3n extra en sus salarios.<\/p>\n\n\n\n<p>Cabe mencionar que este curso fue dise\u00f1ado por acad\u00e9micos de la SEPH, Manuel Toledano, Gisela Amador, F\u00e9lix Montoya, Susana L\u00f3pez, Gloria Ceballos, Erika Garcia, Elia T\u00e9llez y Amilcar Torres.<\/p>\n","protected":false},"excerpt":{"rendered":"<p>El secretario de Educaci\u00f3n P\u00fablica de Hidalgo, Natividad Castrej\u00f3n Valdez, junto con el director general del Consejo Nacional de Fomento Educativo, Gabriel C\u00e1mara y Cervera, y el coordinador territorial del CONAFE en Hidalgo, Joel Guerrero Ju\u00e1rez, clausuraron este fin de semana el curso denominado \u201cFundamentos Pedag\u00f3gicos para Educadores Comunitarios de Escuelas CONAFE\u201d. Durante dicho evento [&hellip;]<\/p>\n","protected":false},"author":93,"featured_media":266632,"comment_status":"closed","ping_status":"closed","sticky":false,"template":"","format":"standard","meta":{"footnotes":""},"categories":[59,2159],"tags":[],"class_list":["post-266631","post","type-post","status-publish","format-standard","has-post-thumbnail","hentry","category-general","category-noticias-de-hidalgo"],"_links":{"self":[{"href":"https:\/\/plazajuarez.mx\/historico\/wp-json\/wp\/v2\/posts\/266631","targetHints":{"allow":["GET"]}}],"collection":[{"href":"https:\/\/plazajuarez.mx\/historico\/wp-json\/wp\/v2\/posts"}],"about":[{"href":"https:\/\/plazajuarez.mx\/historico\/wp-json\/wp\/v2\/types\/post"}],"author":[{"embeddable":true,"href":"https:\/\/plazajuarez.mx\/historico\/wp-json\/wp\/v2\/users\/93"}],"replies":[{"embeddable":true,"href":"https:\/\/plazajuarez.mx\/historico\/wp-json\/wp\/v2\/comments?post=266631"}],"version-history":[{"count":0,"href":"https:\/\/plazajuarez.mx\/historico\/wp-json\/wp\/v2\/posts\/266631\/revisions"}],"wp:featuredmedia":[{"embeddable":true,"href":"https:\/\/plazajuarez.mx\/historico\/wp-json\/wp\/v2\/media\/266632"}],"wp:attachment":[{"href":"https:\/\/plazajuarez.mx\/historico\/wp-json\/wp\/v2\/media?parent=266631"}],"wp:term":[{"taxonomy":"category","embeddable":true,"href":"https:\/\/plazajuarez.mx\/historico\/wp-json\/wp\/v2\/categories?post=266631"},{"taxonomy":"post_tag","embeddable":true,"href":"https:\/\/plazajuarez.mx\/historico\/wp-json\/wp\/v2\/tags?post=266631"}],"curies":[{"name":"wp","href":"https:\/\/api.w.org\/{rel}","templated":true}]}}