{"id":266611,"date":"2023-06-26T05:50:12","date_gmt":"2023-06-26T11:50:12","guid":{"rendered":"https:\/\/plazajuarez.mx\/?p=266611"},"modified":"2023-06-26T05:50:16","modified_gmt":"2023-06-26T11:50:16","slug":"funcionarios-panistas-recibieron-capacitacion-del-cen-en-pachuca","status":"publish","type":"post","link":"https:\/\/plazajuarez.mx\/historico\/funcionarios-panistas-recibieron-capacitacion-del-cen-en-pachuca\/","title":{"rendered":"Funcionarios panistas recibieron capacitaci\u00f3n del CEN en Pachuca"},"content":{"rendered":"\n<p>Con el objetivo de capacitar a funcionarios del Partido Acci\u00f3n Nacional (PAN) en Hidalgo, el Secretario de Acci\u00f3n de Gobierno, Asael Hern\u00e1ndez Cer\u00f3n, realiz\u00f3 un evento este domingo en el que convoc\u00f3 a s\u00edndicos, regidores y presidentes municipales afines al partido blanquiazul para participar en la conferencia \u201cEl reto del PAN en la funci\u00f3n p\u00fablica\u201d.<\/p>\n\n\n\n<p>Al respecto, la presidenta del blanquiazul, Claudia Luna reiter\u00f3 el compromiso que se ha tenido con la ciudadan\u00eda por medio de sus representantes en los distintos cargos p\u00fablicos, adem\u00e1s de expresar el reto que representa gobernar buscando siempre el bien com\u00fan.<\/p>\n\n\n\n<p>Por su parte, Juan Carlos Mart\u00ednez, Secretario General Adjunto del Comit\u00e9 Ejecutivo Nacional de Acci\u00f3n Nacional, resalt\u00f3 los logros que el partido ha tenido a nivel nacional, y expuso que cada uno de los funcionarios asistentes tiene un gran trabajo por hacer para este a\u00f1o con miras al 2024, en el que se puedan superar grandes retos.&nbsp;<\/p>\n\n\n\n<p>Tambi\u00e9n destac\u00f3 que este pa\u00eds \u00fanicamente est\u00e1 gobernado desde \u201cuna ma\u00f1anera\u201d y que actualmente no existe una medici\u00f3n real de efectividad de pol\u00edticas p\u00fablicas, de los programas de salud y del combate a la pobreza.<\/p>\n\n\n\n<p>Finalmente, Asael Hern\u00e1ndez, comparti\u00f3 que es importante mantener la guardia en alto para evitar que el pa\u00eds siga siendo da\u00f1ado e invit\u00f3 a los asistentes a asumir el compromiso de continuar trabajando y construyendo para dejar una huella positiva en la historia de sus municipios.<\/p>\n","protected":false},"excerpt":{"rendered":"<p>Con el objetivo de capacitar a funcionarios del Partido Acci\u00f3n Nacional (PAN) en Hidalgo, el Secretario de Acci\u00f3n de Gobierno, Asael Hern\u00e1ndez Cer\u00f3n, realiz\u00f3 un evento este domingo en el que convoc\u00f3 a s\u00edndicos, regidores y presidentes municipales afines al partido blanquiazul para participar en la conferencia \u201cEl reto del PAN en la funci\u00f3n p\u00fablica\u201d. [&hellip;]<\/p>\n","protected":false},"author":93,"featured_media":266613,"comment_status":"closed","ping_status":"closed","sticky":false,"template":"","format":"standard","meta":{"footnotes":""},"categories":[59,2159],"tags":[],"class_list":["post-266611","post","type-post","status-publish","format-standard","has-post-thumbnail","hentry","category-general","category-noticias-de-hidalgo"],"_links":{"self":[{"href":"https:\/\/plazajuarez.mx\/historico\/wp-json\/wp\/v2\/posts\/266611","targetHints":{"allow":["GET"]}}],"collection":[{"href":"https:\/\/plazajuarez.mx\/historico\/wp-json\/wp\/v2\/posts"}],"about":[{"href":"https:\/\/plazajuarez.mx\/historico\/wp-json\/wp\/v2\/types\/post"}],"author":[{"embeddable":true,"href":"https:\/\/plazajuarez.mx\/historico\/wp-json\/wp\/v2\/users\/93"}],"replies":[{"embeddable":true,"href":"https:\/\/plazajuarez.mx\/historico\/wp-json\/wp\/v2\/comments?post=266611"}],"version-history":[{"count":0,"href":"https:\/\/plazajuarez.mx\/historico\/wp-json\/wp\/v2\/posts\/266611\/revisions"}],"wp:featuredmedia":[{"embeddable":true,"href":"https:\/\/plazajuarez.mx\/historico\/wp-json\/wp\/v2\/media\/266613"}],"wp:attachment":[{"href":"https:\/\/plazajuarez.mx\/historico\/wp-json\/wp\/v2\/media?parent=266611"}],"wp:term":[{"taxonomy":"category","embeddable":true,"href":"https:\/\/plazajuarez.mx\/historico\/wp-json\/wp\/v2\/categories?post=266611"},{"taxonomy":"post_tag","embeddable":true,"href":"https:\/\/plazajuarez.mx\/historico\/wp-json\/wp\/v2\/tags?post=266611"}],"curies":[{"name":"wp","href":"https:\/\/api.w.org\/{rel}","templated":true}]}}