{"id":266600,"date":"2023-06-25T15:18:22","date_gmt":"2023-06-25T21:18:22","guid":{"rendered":"https:\/\/plazajuarez.mx\/?p=266600"},"modified":"2023-06-25T15:21:27","modified_gmt":"2023-06-25T21:21:27","slug":"seis-alcaldes-se-quedan-en-el-pri","status":"publish","type":"post","link":"https:\/\/plazajuarez.mx\/historico\/seis-alcaldes-se-quedan-en-el-pri\/","title":{"rendered":"Reconoce dirigente estatal lealtad de seis alcaldes qu\u00e9 no han renunciado al tricolor en Hidalgo"},"content":{"rendered":"\n<p>Mediante un comunicado, Marco Mendoza Bustamante, presidente del Comit\u00e9 Directivo Estatal del Partido Revolucionario Institucional (PRI) en Hidalgo inform\u00f3 que se reuni\u00f3 con Jorge M\u00e1rquez Alvarado, presidente municipal de Tulancingo, en la que el alcalde ratific\u00f3 su compromiso de atender las causas m\u00e1s sensibles de la sociedad.<br><br>Destac\u00f3 qu\u00e9 ambos trabajan para fortalecer la unidad en el partido y: \u201cy as\u00ed poder hacer frente, juntos, a los desaf\u00edos venideros con miras al 2024, el comunicado apunta qu\u00e9 ambos perfiles coincidieron en que: \u201cla fortaleza del partido est\u00e1 en la militancia, ya que ellos d\u00eda a d\u00eda caminan, escuchan y conocen, pero sobre todo act\u00faan para promover el cambio y la mejora dentro de la sociedad\u201d.<br><br>Finalmente, destaca que en los primeros d\u00edas de su gesti\u00f3n, Mendoza Bustamante ha establecido lazos de trabajo y unidad con los presidentes municipales Jos\u00e9 Juan Viggiano de Tepehuac\u00e1n de Guerrero; Mar\u00eda Magdalena Rubio de Jacala de Ledezma; Dante C\u00e1rdenas de Santiago Tulantepec; Agust\u00edn Ram\u00edrez de Agua Blanca; Alfredo Morales de Metztitl\u00e1n y Ferm\u00edn Rivera Peralta de Cuautepec de Hinojosa, hombres y mujeres de lealtad, trabajo y resultados.<\/p>\n","protected":false},"excerpt":{"rendered":"<p>Mediante un comunicado, Marco Mendoza Bustamante, presidente del Comit\u00e9 Directivo Estatal del Partido Revolucionario Institucional (PRI) en Hidalgo inform\u00f3 que se reuni\u00f3 con Jorge M\u00e1rquez Alvarado, presidente municipal de Tulancingo, en la que el alcalde ratific\u00f3 su compromiso de atender las causas m\u00e1s sensibles de la sociedad. Destac\u00f3 qu\u00e9 ambos trabajan para fortalecer la unidad [&hellip;]<\/p>\n","protected":false},"author":72,"featured_media":266601,"comment_status":"closed","ping_status":"closed","sticky":false,"template":"","format":"standard","meta":{"footnotes":""},"categories":[15,59],"tags":[],"class_list":["post-266600","post","type-post","status-publish","format-standard","has-post-thumbnail","hentry","category-destacadas","category-general"],"_links":{"self":[{"href":"https:\/\/plazajuarez.mx\/historico\/wp-json\/wp\/v2\/posts\/266600","targetHints":{"allow":["GET"]}}],"collection":[{"href":"https:\/\/plazajuarez.mx\/historico\/wp-json\/wp\/v2\/posts"}],"about":[{"href":"https:\/\/plazajuarez.mx\/historico\/wp-json\/wp\/v2\/types\/post"}],"author":[{"embeddable":true,"href":"https:\/\/plazajuarez.mx\/historico\/wp-json\/wp\/v2\/users\/72"}],"replies":[{"embeddable":true,"href":"https:\/\/plazajuarez.mx\/historico\/wp-json\/wp\/v2\/comments?post=266600"}],"version-history":[{"count":0,"href":"https:\/\/plazajuarez.mx\/historico\/wp-json\/wp\/v2\/posts\/266600\/revisions"}],"wp:featuredmedia":[{"embeddable":true,"href":"https:\/\/plazajuarez.mx\/historico\/wp-json\/wp\/v2\/media\/266601"}],"wp:attachment":[{"href":"https:\/\/plazajuarez.mx\/historico\/wp-json\/wp\/v2\/media?parent=266600"}],"wp:term":[{"taxonomy":"category","embeddable":true,"href":"https:\/\/plazajuarez.mx\/historico\/wp-json\/wp\/v2\/categories?post=266600"},{"taxonomy":"post_tag","embeddable":true,"href":"https:\/\/plazajuarez.mx\/historico\/wp-json\/wp\/v2\/tags?post=266600"}],"curies":[{"name":"wp","href":"https:\/\/api.w.org\/{rel}","templated":true}]}}