{"id":2662,"date":"2015-03-22T06:00:00","date_gmt":"2015-03-22T06:00:00","guid":{"rendered":"http:\/\/plazajuarez.mx\/index\/index.php\/2015\/03\/22\/futbol-nacional-45\/"},"modified":"2015-03-22T06:00:00","modified_gmt":"2015-03-22T06:00:00","slug":"futbol-nacional-45","status":"publish","type":"post","link":"https:\/\/plazajuarez.mx\/historico\/futbol-nacional-45\/","title":{"rendered":"Futbol Nacional"},"content":{"rendered":"<p>EN EL CIERRE DE LA JORNADA 11<\/p>\n<p><strong>Chivas vence a Toluca<\/strong><\/p>\n<p>\u00a0<\/p>\n<p>  <!--more-->  <\/p>\n<p>\u00a0<\/p>\n<p>Las Chivas Rayadas del Guadalajara vencieron ayer\u00a0 1\u20110 a los Diablos Rojos del Toluca, al cerrar la actividad de la Jornada 11 del Torneo Clausura 2015 del futbol mexicano.<\/p>\n<p>\u00a0<\/p>\n<p>Una estampa poco vista en la perla tapat\u00eda, con un estadio Omnilife con una buena entrada para observar este encuentro que confirma el renacer rojiblanco en un momento determinante del torneo para pensar, primero en alejarse de la zona de descenso, y posteriormente, pensar en la Liguilla.<\/p>\n<p>\u00a0<\/p>\n<p>Una jugada llena de futbol con una pared que destroz\u00f3 a la defensa mexiquense, en jugada entre Marco Fabi\u00e1n y Omar Bravo, para que \u00e9ste \u00faltimo venciera al arquero Alfredo Talavera y concretara la anotaci\u00f3n del Reba\u00f1o, que con esto tuvo para llevarse la victoria.<\/p>\n<p>**<\/p>\n<p>RUMBO AL MUNDIAL NUEVA ZELANDA 2015<\/p>\n<p><strong>M\u00e9xico enfrentar\u00e1 a Senegal <\/strong><\/p>\n<p>\u00a0<\/p>\n<p>La Selecci\u00f3n Mexicana Sub\u201120 conoci\u00f3 ayer\u00a0 al rival que faltaba en el Grupo D del Mundial Nueva Zelanda 2015, tras definirse al Campe\u00f3n y Subcampe\u00f3n de la Copa Africana de la categor\u00eda.<\/p>\n<p>\u00a0<\/p>\n<p>Nigeria se impuso 1\u20110 a Senegal este domingo en la Final de dicho torneo, por lo que de acuerdo con el sorteo celebrado en febrero pasado, las \u201c\u00c1guilas Verdes\u201d conformar\u00e1n el Grupo E de la justa mundialista, mientras que el Subcampe\u00f3n, en este caso Senegal, ser\u00e1 rival de los dirigidos por Sergio Almaguer.<\/p>\n<p>\u00a0<\/p>\n<p>El Tri y los &#8220;Leones de la Sabana&#8221; se enfrentar\u00e1n el pr\u00f3ximo 30 de mayo en el debut de ambos equipos en la Copa del Mundo, que se disputar\u00e1 a partir de esa fecha y hasta el 20 de junio.<\/p>\n<p>\u00a0<\/p>\n<p>HAR\u00c1N GIRA POR EUROPA<\/p>\n<p>\u00a0<\/p>\n<p>Antes de encarar la justa mundialista, el Tri disputar\u00e1 tres duelos amistosos ante Inglaterra, Hungr\u00eda y Austria, los d\u00edas 24, 28 y 30 de marzo, respectivamente.<\/p>\n<p>\u00a0<\/p>\n<p>El portero Ra\u00fal Gudi\u00f1o, quien milita en el Porto B, y Diego Gama, jugador del Atl\u00e9tico de Madrid, se unir\u00e1n al Tricolor en tierras europeas.<\/p>\n<p>\u00a0<\/p>\n<p>GRUPOS DEL MUNDIAL SUB\u201120 NUEVA ZELANDA 2015<\/p>\n<p>\u00a0<\/p>\n<p>Grupo A: Nueva Zelanda, Ucrania, Estados Unidos y Myanmar.<\/p>\n<p>\u00a0<\/p>\n<p>Grupo B: Argentina, Panam\u00e1, Ghana y Austria.<\/p>\n<p>\u00a0<\/p>\n<p>Grupo C: Qatar, Colombia, Portugal y Mali.<\/p>\n<p>\u00a0<\/p>\n<p>Grupo D: M\u00e9xico, Senegal, Uruguay y Serbia.<\/p>\n<p>\u00a0<\/p>\n<p>\u00a0<\/p>\n<p>Grupo E: Nigeria, Brasil, RDP de Corea y Hungr\u00eda.<\/p>\n<p>\u00a0<\/p>\n<p>Grupo F: Alemania, Fiji, Uzbekist\u00e1n y Honduras.<\/p>\n","protected":false},"excerpt":{"rendered":"<p>EN EL CIERRE DE LA JORNADA 11 Chivas vence a Toluca \u00a0<\/p>\n","protected":false},"author":93,"featured_media":0,"comment_status":"open","ping_status":"open","sticky":false,"template":"","format":"standard","meta":{"footnotes":""},"categories":[39],"tags":[],"class_list":["post-2662","post","type-post","status-publish","format-standard","hentry","category-deportiva"],"_links":{"self":[{"href":"https:\/\/plazajuarez.mx\/historico\/wp-json\/wp\/v2\/posts\/2662","targetHints":{"allow":["GET"]}}],"collection":[{"href":"https:\/\/plazajuarez.mx\/historico\/wp-json\/wp\/v2\/posts"}],"about":[{"href":"https:\/\/plazajuarez.mx\/historico\/wp-json\/wp\/v2\/types\/post"}],"author":[{"embeddable":true,"href":"https:\/\/plazajuarez.mx\/historico\/wp-json\/wp\/v2\/users\/93"}],"replies":[{"embeddable":true,"href":"https:\/\/plazajuarez.mx\/historico\/wp-json\/wp\/v2\/comments?post=2662"}],"version-history":[{"count":0,"href":"https:\/\/plazajuarez.mx\/historico\/wp-json\/wp\/v2\/posts\/2662\/revisions"}],"wp:attachment":[{"href":"https:\/\/plazajuarez.mx\/historico\/wp-json\/wp\/v2\/media?parent=2662"}],"wp:term":[{"taxonomy":"category","embeddable":true,"href":"https:\/\/plazajuarez.mx\/historico\/wp-json\/wp\/v2\/categories?post=2662"},{"taxonomy":"post_tag","embeddable":true,"href":"https:\/\/plazajuarez.mx\/historico\/wp-json\/wp\/v2\/tags?post=2662"}],"curies":[{"name":"wp","href":"https:\/\/api.w.org\/{rel}","templated":true}]}}