{"id":265979,"date":"2023-06-21T22:10:55","date_gmt":"2023-06-22T04:10:55","guid":{"rendered":"https:\/\/plazajuarez.mx\/?p=265979"},"modified":"2023-06-21T22:10:58","modified_gmt":"2023-06-22T04:10:58","slug":"trabajador-de-una-obra-es-mordido-por-una-serpiente","status":"publish","type":"post","link":"https:\/\/plazajuarez.mx\/historico\/trabajador-de-una-obra-es-mordido-por-una-serpiente\/","title":{"rendered":"Trabajador de una obra, es mordido por una serpiente"},"content":{"rendered":"\n<p><strong>APAN<\/strong>.- Cuando realizaba trabajos en las obras de construcci\u00f3n de la avenida Reforma, un trabajador de la construcci\u00f3n fue mordido por una serpiente.<\/p>\n\n\n\n<p>Los hechos fueron reportados a la comandancia de Seguridad P\u00fablica Municipal de Apan, por empleados de una empresa que lleva los trabajos de construcci\u00f3n de banquetas y pavimento, quienes ped\u00edan la presencia de param\u00e9dicos ya que uno de sus compa\u00f1eros, hab\u00eda sido mordido en una mano cuando realizaba los trabajos de remoci\u00f3n de un material.<\/p>\n\n\n\n<p>A la llegada de los param\u00e9dicos de Protecci\u00f3n Civil del Municipio, e iniciarle a darle los primeros auxilios al herido, estos le preguntaron las caracter\u00edsticas o color de la v\u00edbora, para iniciar el tratamiento requerido y tratar de detener el avance del presunto veneno en su cuerpo.<\/p>\n\n\n\n<p>Durante la valoraci\u00f3n m\u00e9dica, el afectado dijo llamarse \u00c1ngel \u00c1vila Beltr\u00e1n, de 60 a\u00f1os de edad, e indic\u00f3 que cuando hac\u00eda los trabajos de manera manual, de unos pedazos de concreto, se percat\u00f3 que hab\u00eda un bulto debajo de uno de ellos y al acercarse para ver de qu\u00e9 se trataba, fue mordido en la mano, por lo que de manera inmediata les pidi\u00f3 el apoyo a sus compa\u00f1eros, para que solicitaron el apoyo m\u00e9dico.<\/p>\n\n\n\n<p>Por su parte sus compa\u00f1eros al saber que una serpiente hab\u00eda atacado a uno de ellos, iniciaron la b\u00fasqueda del animal, temerosos de ser atacados de la misma manera, ya que su trabajo requiere de remover pedazos de material, para poder llevar a cabo las obras, sin embargo la b\u00fasqueda fue en vano.<\/p>\n\n\n\n<p>En tanto los param\u00e9dicos trasladaron al trabajador al Hospital Regional del Altiplano, para que le fuera suministrado alg\u00fan suero, para contrarrestar los efectos del posible veneno que recibi\u00f3 por la mordedura.<\/p>\n","protected":false},"excerpt":{"rendered":"<p>APAN.- Cuando realizaba trabajos en las obras de construcci\u00f3n de la avenida Reforma, un trabajador de la construcci\u00f3n fue mordido por una serpiente. Los hechos fueron reportados a la comandancia de Seguridad P\u00fablica Municipal de Apan, por empleados de una empresa que lleva los trabajos de construcci\u00f3n de banquetas y pavimento, quienes ped\u00edan la presencia [&hellip;]<\/p>\n","protected":false},"author":69,"featured_media":265980,"comment_status":"closed","ping_status":"closed","sticky":false,"template":"","format":"standard","meta":{"footnotes":""},"categories":[2159,40],"tags":[],"class_list":["post-265979","post","type-post","status-publish","format-standard","has-post-thumbnail","hentry","category-noticias-de-hidalgo","category-region"],"_links":{"self":[{"href":"https:\/\/plazajuarez.mx\/historico\/wp-json\/wp\/v2\/posts\/265979","targetHints":{"allow":["GET"]}}],"collection":[{"href":"https:\/\/plazajuarez.mx\/historico\/wp-json\/wp\/v2\/posts"}],"about":[{"href":"https:\/\/plazajuarez.mx\/historico\/wp-json\/wp\/v2\/types\/post"}],"author":[{"embeddable":true,"href":"https:\/\/plazajuarez.mx\/historico\/wp-json\/wp\/v2\/users\/69"}],"replies":[{"embeddable":true,"href":"https:\/\/plazajuarez.mx\/historico\/wp-json\/wp\/v2\/comments?post=265979"}],"version-history":[{"count":0,"href":"https:\/\/plazajuarez.mx\/historico\/wp-json\/wp\/v2\/posts\/265979\/revisions"}],"wp:featuredmedia":[{"embeddable":true,"href":"https:\/\/plazajuarez.mx\/historico\/wp-json\/wp\/v2\/media\/265980"}],"wp:attachment":[{"href":"https:\/\/plazajuarez.mx\/historico\/wp-json\/wp\/v2\/media?parent=265979"}],"wp:term":[{"taxonomy":"category","embeddable":true,"href":"https:\/\/plazajuarez.mx\/historico\/wp-json\/wp\/v2\/categories?post=265979"},{"taxonomy":"post_tag","embeddable":true,"href":"https:\/\/plazajuarez.mx\/historico\/wp-json\/wp\/v2\/tags?post=265979"}],"curies":[{"name":"wp","href":"https:\/\/api.w.org\/{rel}","templated":true}]}}