{"id":265978,"date":"2023-06-21T22:11:20","date_gmt":"2023-06-22T04:11:20","guid":{"rendered":"https:\/\/plazajuarez.mx\/?p=265978"},"modified":"2023-06-21T22:11:23","modified_gmt":"2023-06-22T04:11:23","slug":"dentro-de-los-24-municipios-fuera-del-mando-coordinado","status":"publish","type":"post","link":"https:\/\/plazajuarez.mx\/historico\/dentro-de-los-24-municipios-fuera-del-mando-coordinado\/","title":{"rendered":"Dentro de los 24 municipios fuera del mando coordinado"},"content":{"rendered":"\n<p><strong>ZEMPOALA<\/strong>.- Reprochan al alcalde de Zempoala, por no admitir como director de Seguridad P\u00fablica Municipal, a un elemento de la Secretar\u00eda de Seguridad P\u00fablica del Estado.<\/p>\n\n\n\n<p>Durante la toma de protesta del Consejo de Coordinaci\u00f3n Municipal de Seguridad P\u00fablica, el represente de la SSPH, Alejandro Z\u00fa\u00f1iga Ortega, se\u00f1al\u00f3 que Zempoala es parte de los 24 municipios que no est\u00e1n integrados al Mando Coordinado, por ello gobierno del estado no los puede apoyar en diferentes rubros en materia de seguridad.<\/p>\n\n\n\n<p>Destac\u00f3 que \u00e9ste municipio es uno de los m\u00e1s golpeados por la delincuencia y su direcci\u00f3n de Seguridad P\u00fablica no cuenta con la capacidad para hacerles frente, ya que en las estad\u00edsticas de la dependencia estatal se observa un alza en diversas carpetas de investigaci\u00f3n, as\u00ed como en el robo del transporte de carga, tr\u00e1fico de huachicol, entre otros delitos.<\/p>\n\n\n\n<p>Por su parte el Secretariado Ejecutivo del Consejo Estatal de Seguridad P\u00fablica de Hidalgo, encabezado por Carlos E. Arozqueta Sol\u00eds, tom\u00f3 la protesta de ley, a los integrantes del Consejo de Coordinaci\u00f3n Municipal de Seguridad P\u00fablica de Zempoala, que estar\u00e1 liderado por Romeo Ermilo V\u00e1zquez Vel\u00e1zquez.<\/p>\n\n\n\n<p>Por su parte el presidente municipal Jes\u00fas Hern\u00e1ndez Ju\u00e1rez, mencion\u00f3 que dentro de las prioridades de este consejo municipal, est\u00e1 el reducir la violencia y salvaguardar la tranquilidad, mediante una adecuada planeaci\u00f3n en materia de seguridad, que deber\u00e1 ser coordinada entre las diferentes dependencias de seguridad, as\u00ed como de la participaci\u00f3n ciudadana.<\/p>\n","protected":false},"excerpt":{"rendered":"<p>ZEMPOALA.- Reprochan al alcalde de Zempoala, por no admitir como director de Seguridad P\u00fablica Municipal, a un elemento de la Secretar\u00eda de Seguridad P\u00fablica del Estado. Durante la toma de protesta del Consejo de Coordinaci\u00f3n Municipal de Seguridad P\u00fablica, el represente de la SSPH, Alejandro Z\u00fa\u00f1iga Ortega, se\u00f1al\u00f3 que Zempoala es parte de los 24 [&hellip;]<\/p>\n","protected":false},"author":69,"featured_media":265981,"comment_status":"closed","ping_status":"closed","sticky":false,"template":"","format":"standard","meta":{"footnotes":""},"categories":[2159,40],"tags":[],"class_list":["post-265978","post","type-post","status-publish","format-standard","has-post-thumbnail","hentry","category-noticias-de-hidalgo","category-region"],"_links":{"self":[{"href":"https:\/\/plazajuarez.mx\/historico\/wp-json\/wp\/v2\/posts\/265978","targetHints":{"allow":["GET"]}}],"collection":[{"href":"https:\/\/plazajuarez.mx\/historico\/wp-json\/wp\/v2\/posts"}],"about":[{"href":"https:\/\/plazajuarez.mx\/historico\/wp-json\/wp\/v2\/types\/post"}],"author":[{"embeddable":true,"href":"https:\/\/plazajuarez.mx\/historico\/wp-json\/wp\/v2\/users\/69"}],"replies":[{"embeddable":true,"href":"https:\/\/plazajuarez.mx\/historico\/wp-json\/wp\/v2\/comments?post=265978"}],"version-history":[{"count":0,"href":"https:\/\/plazajuarez.mx\/historico\/wp-json\/wp\/v2\/posts\/265978\/revisions"}],"wp:featuredmedia":[{"embeddable":true,"href":"https:\/\/plazajuarez.mx\/historico\/wp-json\/wp\/v2\/media\/265981"}],"wp:attachment":[{"href":"https:\/\/plazajuarez.mx\/historico\/wp-json\/wp\/v2\/media?parent=265978"}],"wp:term":[{"taxonomy":"category","embeddable":true,"href":"https:\/\/plazajuarez.mx\/historico\/wp-json\/wp\/v2\/categories?post=265978"},{"taxonomy":"post_tag","embeddable":true,"href":"https:\/\/plazajuarez.mx\/historico\/wp-json\/wp\/v2\/tags?post=265978"}],"curies":[{"name":"wp","href":"https:\/\/api.w.org\/{rel}","templated":true}]}}