{"id":265970,"date":"2023-06-21T22:08:35","date_gmt":"2023-06-22T04:08:35","guid":{"rendered":"https:\/\/plazajuarez.mx\/?p=265970"},"modified":"2023-06-21T22:08:38","modified_gmt":"2023-06-22T04:08:38","slug":"comerciantes-establecidos-protestan-por-cobros-excesivos","status":"publish","type":"post","link":"https:\/\/plazajuarez.mx\/historico\/comerciantes-establecidos-protestan-por-cobros-excesivos\/","title":{"rendered":"Comerciantes establecidos protestan por cobros excesivos\u00a0"},"content":{"rendered":"\n<p><strong>IXMIQUILPAN<\/strong>.- Comerciantes establecidos, solicitan una audiencia con la presidenta municipal de Ixmiquilpan, Araceli Beltr\u00e1n Contreras, para buscar una soluci\u00f3n a los cobros excesivos dentro de la ley de ingresos de este a\u00f1o, asimismo, para frenar las constantes notificaciones hechas por parte de la direcci\u00f3n de reglamentos.\u00a0<\/p>\n\n\n\n<p>En conferencia de prensa, representantes de diferentes gremios de comerciantes, pidieron una audiencia con el gobierno municipal, al mismo tiempo, adelantaron que proceder\u00e1n legalmente ante las instancias correspondientes y dejar\u00e1n de pagar impuestos.&nbsp;<\/p>\n\n\n\n<p>Asimismo advirtieron que en caso de que algunos de los comercios establecidos sean clausurados, proceder\u00e1n a abrirlos conjuntamente. Por ello, en este mismo sentido, pidieron al resto de los comerciantes agraviados a no pagar impuestos hasta que haya una negociaci\u00f3n de por medio.&nbsp;<\/p>\n\n\n\n<p>Adem\u00e1s, en v\u00edsperas de una nueva negociaci\u00f3n en la discusi\u00f3n del presupuesto de ingresos del 2024, pidieron que se abran estos di\u00e1logos por parte de la comisi\u00f3n de hacienda, con el prop\u00f3sito de no afectar a los comerciantes.&nbsp;<\/p>\n\n\n\n<p>Existen comercios, donde los cobros son excesivos, prestadores de servicios que deben pagar m\u00e1s de 100 mil pesos, otros han tenido incrementos de hasta el 200 por ciento en 12 meses y por ese motivo se han negado a pagar sus licencias de funcionamiento.&nbsp;<\/p>\n\n\n\n<p>Ante esta problem\u00e1tica, los comerciantes adelantaron que recurrir\u00e1n a diversos mecanismos legales, pero conf\u00edan en que mediante el di\u00e1logo y la negociaci\u00f3n, se pueda lograr un acuerdo de beneficio mutuo.<\/p>\n","protected":false},"excerpt":{"rendered":"<p>IXMIQUILPAN.- Comerciantes establecidos, solicitan una audiencia con la presidenta municipal de Ixmiquilpan, Araceli Beltr\u00e1n Contreras, para buscar una soluci\u00f3n a los cobros excesivos dentro de la ley de ingresos de este a\u00f1o, asimismo, para frenar las constantes notificaciones hechas por parte de la direcci\u00f3n de reglamentos.\u00a0 En conferencia de prensa, representantes de diferentes gremios de [&hellip;]<\/p>\n","protected":false},"author":75,"featured_media":265974,"comment_status":"closed","ping_status":"closed","sticky":false,"template":"","format":"standard","meta":{"footnotes":""},"categories":[2159,40],"tags":[],"class_list":["post-265970","post","type-post","status-publish","format-standard","has-post-thumbnail","hentry","category-noticias-de-hidalgo","category-region"],"_links":{"self":[{"href":"https:\/\/plazajuarez.mx\/historico\/wp-json\/wp\/v2\/posts\/265970","targetHints":{"allow":["GET"]}}],"collection":[{"href":"https:\/\/plazajuarez.mx\/historico\/wp-json\/wp\/v2\/posts"}],"about":[{"href":"https:\/\/plazajuarez.mx\/historico\/wp-json\/wp\/v2\/types\/post"}],"author":[{"embeddable":true,"href":"https:\/\/plazajuarez.mx\/historico\/wp-json\/wp\/v2\/users\/75"}],"replies":[{"embeddable":true,"href":"https:\/\/plazajuarez.mx\/historico\/wp-json\/wp\/v2\/comments?post=265970"}],"version-history":[{"count":0,"href":"https:\/\/plazajuarez.mx\/historico\/wp-json\/wp\/v2\/posts\/265970\/revisions"}],"wp:featuredmedia":[{"embeddable":true,"href":"https:\/\/plazajuarez.mx\/historico\/wp-json\/wp\/v2\/media\/265974"}],"wp:attachment":[{"href":"https:\/\/plazajuarez.mx\/historico\/wp-json\/wp\/v2\/media?parent=265970"}],"wp:term":[{"taxonomy":"category","embeddable":true,"href":"https:\/\/plazajuarez.mx\/historico\/wp-json\/wp\/v2\/categories?post=265970"},{"taxonomy":"post_tag","embeddable":true,"href":"https:\/\/plazajuarez.mx\/historico\/wp-json\/wp\/v2\/tags?post=265970"}],"curies":[{"name":"wp","href":"https:\/\/api.w.org\/{rel}","templated":true}]}}