{"id":265967,"date":"2023-06-21T22:06:38","date_gmt":"2023-06-22T04:06:38","guid":{"rendered":"https:\/\/plazajuarez.mx\/?p=265967"},"modified":"2023-06-21T22:06:41","modified_gmt":"2023-06-22T04:06:41","slug":"muere-varon-tras-ser-atropellada-en-la-mexico-tuxpan","status":"publish","type":"post","link":"https:\/\/plazajuarez.mx\/historico\/muere-varon-tras-ser-atropellada-en-la-mexico-tuxpan\/","title":{"rendered":"Muere var\u00f3n tras ser atropellada en la M\u00e9xico &#8211; Tuxpan"},"content":{"rendered":"\n<p>Tulancingo de Bravo.- La tarde del mi\u00e9rcoles muri\u00f3 atropellado un var\u00f3n de 43 a\u00f1os de edad, en el kil\u00f3metro 61+500 de la carretera Pachuca \u2013 Tuxpan, a la altura del municipio de Singuilucan.<\/p>\n\n\n\n<p>Elementos de la Guardia Nacional y Protecci\u00f3n Civil de Zempoala, se trasladaron hasta el sitio donde corroboraron la presencia de un veh\u00edculo con se\u00f1ales de impacto, as\u00ed como un var\u00f3n tirado sobre la carpeta asf\u00e1ltica con visibles lesiones severas, de quien confirmaron que ya no contaba con signos vitales.<\/p>\n\n\n\n<p>El veh\u00edculo presuntamente involucrado fue una camioneta de la masca Toyota, modelo 2012 de color blanco, conducida por quien se identific\u00f3 como M. A. M. R.<\/p>\n\n\n\n<p>El veh\u00edculo transitaba en direcci\u00f3n a Tulancingo, cuando, de acuerdo con la versi\u00f3n del conductor, un hombre intent\u00f3 cruzar la via federal, quien intentaba recuperar un garraf\u00f3n, sin embargo, no pudo evitar el impacto y lo proyect\u00f3 por aproximadamente 150 metros.<\/p>\n\n\n\n<p>El fallecido fue identificado con el nombre de iniciales A. H. M., de 43 a\u00f1os de edad.<\/p>\n\n\n\n<p>Elementos de la Guardia Nacional resguardaron el sitio para evitar otro posible hecho de tr\u00e1nsito, en espera de los peritos para iniciar con las indagatorias pertinentes y el levantamiento del cuerpo.<\/p>\n","protected":false},"excerpt":{"rendered":"<p>Tulancingo de Bravo.- La tarde del mi\u00e9rcoles muri\u00f3 atropellado un var\u00f3n de 43 a\u00f1os de edad, en el kil\u00f3metro 61+500 de la carretera Pachuca \u2013 Tuxpan, a la altura del municipio de Singuilucan. Elementos de la Guardia Nacional y Protecci\u00f3n Civil de Zempoala, se trasladaron hasta el sitio donde corroboraron la presencia de un veh\u00edculo [&hellip;]<\/p>\n","protected":false},"author":70,"featured_media":265971,"comment_status":"closed","ping_status":"closed","sticky":false,"template":"","format":"standard","meta":{"footnotes":""},"categories":[40],"tags":[],"class_list":["post-265967","post","type-post","status-publish","format-standard","has-post-thumbnail","hentry","category-region"],"_links":{"self":[{"href":"https:\/\/plazajuarez.mx\/historico\/wp-json\/wp\/v2\/posts\/265967","targetHints":{"allow":["GET"]}}],"collection":[{"href":"https:\/\/plazajuarez.mx\/historico\/wp-json\/wp\/v2\/posts"}],"about":[{"href":"https:\/\/plazajuarez.mx\/historico\/wp-json\/wp\/v2\/types\/post"}],"author":[{"embeddable":true,"href":"https:\/\/plazajuarez.mx\/historico\/wp-json\/wp\/v2\/users\/70"}],"replies":[{"embeddable":true,"href":"https:\/\/plazajuarez.mx\/historico\/wp-json\/wp\/v2\/comments?post=265967"}],"version-history":[{"count":0,"href":"https:\/\/plazajuarez.mx\/historico\/wp-json\/wp\/v2\/posts\/265967\/revisions"}],"wp:featuredmedia":[{"embeddable":true,"href":"https:\/\/plazajuarez.mx\/historico\/wp-json\/wp\/v2\/media\/265971"}],"wp:attachment":[{"href":"https:\/\/plazajuarez.mx\/historico\/wp-json\/wp\/v2\/media?parent=265967"}],"wp:term":[{"taxonomy":"category","embeddable":true,"href":"https:\/\/plazajuarez.mx\/historico\/wp-json\/wp\/v2\/categories?post=265967"},{"taxonomy":"post_tag","embeddable":true,"href":"https:\/\/plazajuarez.mx\/historico\/wp-json\/wp\/v2\/tags?post=265967"}],"curies":[{"name":"wp","href":"https:\/\/api.w.org\/{rel}","templated":true}]}}