{"id":265966,"date":"2023-06-21T22:05:39","date_gmt":"2023-06-22T04:05:39","guid":{"rendered":"https:\/\/plazajuarez.mx\/?p=265966"},"modified":"2023-06-21T22:05:44","modified_gmt":"2023-06-22T04:05:44","slug":"se-incorporan-dos-nuevos-camiones-al-servicio-de-recoleccion-de-basura-ya-suman-28","status":"publish","type":"post","link":"https:\/\/plazajuarez.mx\/historico\/se-incorporan-dos-nuevos-camiones-al-servicio-de-recoleccion-de-basura-ya-suman-28\/","title":{"rendered":"Se incorporan dos nuevos camiones al servicio de recolecci\u00f3n de basura, ya suman 28"},"content":{"rendered":"\n<p><strong>TULANCINGO.<\/strong>&#8211; Tal y como fue comprometido por el presidente Jorge M\u00e1rquez Alvarado, sigue fortaleci\u00e9ndose el parque vehicular destinado a los servicios p\u00fablicos municipales de Tulancingo, la seguridad y otros \u00e1mbitos.<\/p>\n\n\n\n<p>En este sentido, entraron en operaci\u00f3n dos nuevos camiones recolectores con caja compactadora y sistema hidr\u00e1ulico, con lo cual, la Direcci\u00f3n de Limpias y disposici\u00f3n de residuos, avanza a 28 unidades en servicio, incluyendo la barredora municipal<\/p>\n\n\n\n<p>El titular de la Direcci\u00f3n de Limpia y Disposici\u00f3n de Residuos, Roberto Ballesteros Tapia, inform\u00f3 que desde su primer d\u00eda de gobierno, el presidente Jorge M\u00e1rquez Alvarado ha estado preocupado y ocupado en proporcionar los recursos materiales y humanos, para que las dependencias trabajen de manera eficiente y se generen resultados hac\u00eda la ciudadan\u00eda.<\/p>\n\n\n\n<p>En el caso de la recolecci\u00f3n, el parque vehicular juega un papel fundamental en el cumplimiento de los recorridos por colonias, localidades y barrios.<\/p>\n\n\n\n<p>La Direcci\u00f3n de Limpias cubre actualmente 26 rutas; 20 de ellas en jornada matutina, as\u00ed como cuatro por la tarde y dos m\u00e1s durante la noche.<\/p>\n\n\n\n<p>El promedio global de recolecci\u00f3n actual es de 130 toneladas diarias, incluido lo que se capta en labores de barrido vial.<\/p>\n\n\n\n<p>Ballesteros Tapia dijo que en esta ola de calor disponen de estrategias para que las unidades no sufran desperfectos mec\u00e1nicos, y m\u00e1s a\u00fan cuando efect\u00faan el traslado del cargamento de recolecci\u00f3n hasta el relleno sanitario.<\/p>\n\n\n\n<p>El Director de Limpia reconoci\u00f3 que con el apoyo de la ciudadan\u00eda, hay m\u00e1s colaboraci\u00f3n para verter residuos hasta que pasa el cami\u00f3n recolector, lo cual abona a revertir focos de contaminaci\u00f3n.<\/p>\n\n\n\n<p>Cualquier reporte en torno a recolecci\u00f3n, puede ser canalizado al tel\u00e9fono 7759740633.<\/p>\n\n\n\n<p>Se destac\u00f3 que, tras evaluaciones continuas se atienden mejoras tales como, los sistemas para anunciar el paso del cami\u00f3n recolector y los tiempos de cobertura entre rutas.&nbsp;<\/p>\n\n\n\n<p>Asimismo, siguen campa\u00f1as con los ciudadanos para un Tulancingo m\u00e1s limpio, a trav\u00e9s de hacer equipo en el cuidado ambiental y la salud.<\/p>\n","protected":false},"excerpt":{"rendered":"<p>TULANCINGO.&#8211; Tal y como fue comprometido por el presidente Jorge M\u00e1rquez Alvarado, sigue fortaleci\u00e9ndose el parque vehicular destinado a los servicios p\u00fablicos municipales de Tulancingo, la seguridad y otros \u00e1mbitos. En este sentido, entraron en operaci\u00f3n dos nuevos camiones recolectores con caja compactadora y sistema hidr\u00e1ulico, con lo cual, la Direcci\u00f3n de Limpias y disposici\u00f3n [&hellip;]<\/p>\n","protected":false},"author":93,"featured_media":265968,"comment_status":"closed","ping_status":"closed","sticky":false,"template":"","format":"standard","meta":{"footnotes":""},"categories":[40],"tags":[],"class_list":["post-265966","post","type-post","status-publish","format-standard","has-post-thumbnail","hentry","category-region"],"_links":{"self":[{"href":"https:\/\/plazajuarez.mx\/historico\/wp-json\/wp\/v2\/posts\/265966","targetHints":{"allow":["GET"]}}],"collection":[{"href":"https:\/\/plazajuarez.mx\/historico\/wp-json\/wp\/v2\/posts"}],"about":[{"href":"https:\/\/plazajuarez.mx\/historico\/wp-json\/wp\/v2\/types\/post"}],"author":[{"embeddable":true,"href":"https:\/\/plazajuarez.mx\/historico\/wp-json\/wp\/v2\/users\/93"}],"replies":[{"embeddable":true,"href":"https:\/\/plazajuarez.mx\/historico\/wp-json\/wp\/v2\/comments?post=265966"}],"version-history":[{"count":0,"href":"https:\/\/plazajuarez.mx\/historico\/wp-json\/wp\/v2\/posts\/265966\/revisions"}],"wp:featuredmedia":[{"embeddable":true,"href":"https:\/\/plazajuarez.mx\/historico\/wp-json\/wp\/v2\/media\/265968"}],"wp:attachment":[{"href":"https:\/\/plazajuarez.mx\/historico\/wp-json\/wp\/v2\/media?parent=265966"}],"wp:term":[{"taxonomy":"category","embeddable":true,"href":"https:\/\/plazajuarez.mx\/historico\/wp-json\/wp\/v2\/categories?post=265966"},{"taxonomy":"post_tag","embeddable":true,"href":"https:\/\/plazajuarez.mx\/historico\/wp-json\/wp\/v2\/tags?post=265966"}],"curies":[{"name":"wp","href":"https:\/\/api.w.org\/{rel}","templated":true}]}}