{"id":265959,"date":"2023-06-21T22:02:14","date_gmt":"2023-06-22T04:02:14","guid":{"rendered":"https:\/\/plazajuarez.mx\/?p=265959"},"modified":"2023-06-21T22:02:18","modified_gmt":"2023-06-22T04:02:18","slug":"hidalgo-y-taiwan-establecen-relacion-comercial","status":"publish","type":"post","link":"https:\/\/plazajuarez.mx\/historico\/hidalgo-y-taiwan-establecen-relacion-comercial\/","title":{"rendered":"Hidalgo y Taiw\u00e1n establecen relaci\u00f3n comercial"},"content":{"rendered":"\n<p>Acompa\u00f1ado por la secretar\u00eda de Econom\u00eda del Gobierno de M\u00e9xico, Raquel Buenrostro S\u00e1nchez, el gobernador de Hidalgo, Julio Menchaca Salazar, particip\u00f3 en el \u201cEncuentro Empresarial para el Crecimiento y Relocalizaci\u00f3n M\u00e9xico \u2013 Taiw\u00e1n\u201d, espacio que enmarc\u00f3 la visita de representantes del sector privado provenientes de ese pa\u00eds a Hidalgo.<\/p>\n\n\n\n<p>En su intervenci\u00f3n, el mandatario hidalguense reconoci\u00f3 que la Secretar\u00eda de Econom\u00eda del Gobierno de M\u00e9xico ha brindado acompa\u00f1amiento permanente a la administraci\u00f3n estatal: \u201cEl poder aterrizar proyectos concretos no s\u00f3lo se refleja en n\u00fameros, al d\u00eda de hoy significan el bienestar y realizaci\u00f3n personal o profesional de la ciudadan\u00eda, por ello agradezco la generosidad de la secretaria Buenrostro\u201d.<\/p>\n\n\n\n<p>El titular de la Secretar\u00eda de Desarrollo Econ\u00f3mico en la entidad, Carlos Henkel Escorza, explic\u00f3 que Hidalgo cada d\u00eda se consolida como el centro econ\u00f3mico de M\u00e9xico; pues gracias a la alternancia pol\u00edtica a nivel local, se sentaron las bases para entablar relaciones comerciales con todo el mundo, y as\u00ed llevar a la entidad a su m\u00e1ximo potencial.<\/p>\n\n\n\n<p>A nombre de las y los empresarios hidalguenses, el presidente del Consejo Coordinador Empresarial de Hidalgo, Alejandro S\u00e1nchez Ram\u00edrez, subray\u00f3 que el gobierno de Hidalgo se caracteriza por la apertura e inclusi\u00f3n hacia el sector privado: \u201cEn estos meses de gobierno, el gobernador y todo su equipo, han tenido contacto directo para atender de manera inmediata cada una de nuestras solicitudes\u201d.<\/p>\n\n\n\n<p>Finalmente, la delegaci\u00f3n taiwanesa destac\u00f3 que durante el recorrido por las instalaciones del Parque Industrial Platah y el Centro de Control, Comando, Comunicaciones, C\u00f3mputo, Coordinaci\u00f3n e Inteligencia (C5i), la administraci\u00f3n estatal dio muestra del desarrollo econ\u00f3mico en la entidad con un enfoque de respeto al medio ambiente, a trav\u00e9s de la utilizaci\u00f3n de energ\u00edas limpias.<\/p>\n","protected":false},"excerpt":{"rendered":"<p>Acompa\u00f1ado por la secretar\u00eda de Econom\u00eda del Gobierno de M\u00e9xico, Raquel Buenrostro S\u00e1nchez, el gobernador de Hidalgo, Julio Menchaca Salazar, particip\u00f3 en el \u201cEncuentro Empresarial para el Crecimiento y Relocalizaci\u00f3n M\u00e9xico \u2013 Taiw\u00e1n\u201d, espacio que enmarc\u00f3 la visita de representantes del sector privado provenientes de ese pa\u00eds a Hidalgo. En su intervenci\u00f3n, el mandatario hidalguense [&hellip;]<\/p>\n","protected":false},"author":93,"featured_media":265962,"comment_status":"closed","ping_status":"closed","sticky":false,"template":"","format":"standard","meta":{"footnotes":""},"categories":[15,59,2159],"tags":[],"class_list":["post-265959","post","type-post","status-publish","format-standard","has-post-thumbnail","hentry","category-destacadas","category-general","category-noticias-de-hidalgo"],"_links":{"self":[{"href":"https:\/\/plazajuarez.mx\/historico\/wp-json\/wp\/v2\/posts\/265959","targetHints":{"allow":["GET"]}}],"collection":[{"href":"https:\/\/plazajuarez.mx\/historico\/wp-json\/wp\/v2\/posts"}],"about":[{"href":"https:\/\/plazajuarez.mx\/historico\/wp-json\/wp\/v2\/types\/post"}],"author":[{"embeddable":true,"href":"https:\/\/plazajuarez.mx\/historico\/wp-json\/wp\/v2\/users\/93"}],"replies":[{"embeddable":true,"href":"https:\/\/plazajuarez.mx\/historico\/wp-json\/wp\/v2\/comments?post=265959"}],"version-history":[{"count":0,"href":"https:\/\/plazajuarez.mx\/historico\/wp-json\/wp\/v2\/posts\/265959\/revisions"}],"wp:featuredmedia":[{"embeddable":true,"href":"https:\/\/plazajuarez.mx\/historico\/wp-json\/wp\/v2\/media\/265962"}],"wp:attachment":[{"href":"https:\/\/plazajuarez.mx\/historico\/wp-json\/wp\/v2\/media?parent=265959"}],"wp:term":[{"taxonomy":"category","embeddable":true,"href":"https:\/\/plazajuarez.mx\/historico\/wp-json\/wp\/v2\/categories?post=265959"},{"taxonomy":"post_tag","embeddable":true,"href":"https:\/\/plazajuarez.mx\/historico\/wp-json\/wp\/v2\/tags?post=265959"}],"curies":[{"name":"wp","href":"https:\/\/api.w.org\/{rel}","templated":true}]}}