{"id":26591,"date":"2016-08-12T18:26:47","date_gmt":"2016-08-12T18:26:47","guid":{"rendered":"http:\/\/plazajuarez.mx\/index\/index.php\/2016\/08\/12\/pgr-apuesta-al-olvido-en-caso-nochixtlan-denuncia-prd\/"},"modified":"2016-08-12T18:26:47","modified_gmt":"2016-08-12T18:26:47","slug":"pgr-apuesta-al-olvido-en-caso-nochixtlan-denuncia-prd","status":"publish","type":"post","link":"https:\/\/plazajuarez.mx\/historico\/pgr-apuesta-al-olvido-en-caso-nochixtlan-denuncia-prd\/","title":{"rendered":"PGR apuesta al olvido en caso Nochixtl\u00e1n, denuncia PRD"},"content":{"rendered":"<p style=\"text-align: justify;\">El diputado federal del Partido de la Revoluci\u00f3n Democr\u00e1tica (PRD), Omar Ortega \u00c1lvarez consider\u00f3 que la Procuradur\u00eda General de la Rep\u00fablica (PGR) le apuesta al olvido en el caso Nochixtl\u00e1n.<\/p>\n<p>  <!--more-->  <\/p>\n<p style=\"text-align: justify;\">Luego del encuentro entre legisladores y la procuradora Arely G\u00f3mez Gonz\u00e1lez en el Senado, Ortega \u00c1lvarez critic\u00f3 que la reuni\u00f3n se haya hecho a puerta cerrada, como en otras ocasiones, y agreg\u00f3 que las autoridades no presentaron \u201cavances significativos\u201d de la investigaci\u00f3n.<br \/>\u201cParece ser que en realidad, por miedo, no se quiso exhibir esa inexistencia de avances reales ante la opini\u00f3n p\u00fablica con el pretexto de la secrec\u00eda de las investigaciones ministeriales, pues no hubo ninguna aportaci\u00f3n significativa de informaci\u00f3n\u201d, indic\u00f3.<br \/>El l\u00edder del PRD en el Estado de M\u00e9xico destac\u00f3 que lo que se \u201crevel\u00f3\u201d en la comparecencia de la titular de la PGR fue que polic\u00edas federales se desplazaron de un lugar a otro por Nochixtl\u00e1n sin explicaci\u00f3n ni justificaci\u00f3n v\u00e1lida, que iban armados y que sus armas fueron disparadas.<br \/>A casi dos meses de lo sucedido, solo 250 uniformados de los cerca de mil 188 de diversas corporaciones que participaron ese d\u00eda han declarado, \u201cpor lo que dif\u00edcilmente lo har\u00e1n en un mes, para cuando la procuradora y sus colaboradores prometieron conclusiones\u201d, dijo el legislador.<br \/>Tambi\u00e9n ser\u00e1 dif\u00edcil, agreg\u00f3, que se tengan los an\u00e1lisis periciales para entonces, si se considera que en 50 d\u00edas s\u00f3lo se ha identificado de qu\u00e9 arma sali\u00f3 una de las balas que mat\u00f3 a una de las v\u00edctimas.<br \/>Ortega \u00c1lvarez record\u00f3 que la Comisi\u00f3n Especial del Congreso de la Uni\u00f3n para el caso Nochixtl\u00e1n tiene hasta el 31 de agosto para entregar sus conclusiones. De no haber alg\u00fan cambio del Legislativo al respecto, ya no existir\u00e1 para cuando la PGR d\u00e9 a conocer sus investigaciones.<br \/>\u201cTodo parece indicar que se apuesta a la dilaci\u00f3n y al olvido\u201d, sin embargo advirti\u00f3 que, como en otros casos, el resultado ser\u00e1 m\u00e1s descr\u00e9dito del gobierno.<\/p>\n<p style=\"box-sizing: border-box; margin: 0px 0px 10px; font-family: Roboto, sans-serif; font-size: 13px; line-height: 16px;\">\u00a0<\/p>\n","protected":false},"excerpt":{"rendered":"<p>El diputado federal del Partido de la Revoluci\u00f3n Democr\u00e1tica (PRD), Omar Ortega \u00c1lvarez consider\u00f3 que la Procuradur\u00eda General de la Rep\u00fablica (PGR) le apuesta al olvido en el caso Nochixtl\u00e1n.<\/p>\n","protected":false},"author":6,"featured_media":0,"comment_status":"open","ping_status":"open","sticky":false,"template":"","format":"standard","meta":{"footnotes":""},"categories":[36],"tags":[],"class_list":["post-26591","post","type-post","status-publish","format-standard","hentry","category-nacion"],"_links":{"self":[{"href":"https:\/\/plazajuarez.mx\/historico\/wp-json\/wp\/v2\/posts\/26591","targetHints":{"allow":["GET"]}}],"collection":[{"href":"https:\/\/plazajuarez.mx\/historico\/wp-json\/wp\/v2\/posts"}],"about":[{"href":"https:\/\/plazajuarez.mx\/historico\/wp-json\/wp\/v2\/types\/post"}],"author":[{"embeddable":true,"href":"https:\/\/plazajuarez.mx\/historico\/wp-json\/wp\/v2\/users\/6"}],"replies":[{"embeddable":true,"href":"https:\/\/plazajuarez.mx\/historico\/wp-json\/wp\/v2\/comments?post=26591"}],"version-history":[{"count":0,"href":"https:\/\/plazajuarez.mx\/historico\/wp-json\/wp\/v2\/posts\/26591\/revisions"}],"wp:attachment":[{"href":"https:\/\/plazajuarez.mx\/historico\/wp-json\/wp\/v2\/media?parent=26591"}],"wp:term":[{"taxonomy":"category","embeddable":true,"href":"https:\/\/plazajuarez.mx\/historico\/wp-json\/wp\/v2\/categories?post=26591"},{"taxonomy":"post_tag","embeddable":true,"href":"https:\/\/plazajuarez.mx\/historico\/wp-json\/wp\/v2\/tags?post=26591"}],"curies":[{"name":"wp","href":"https:\/\/api.w.org\/{rel}","templated":true}]}}