{"id":26590,"date":"2016-08-12T18:24:55","date_gmt":"2016-08-12T18:24:55","guid":{"rendered":"http:\/\/plazajuarez.mx\/index\/index.php\/2016\/08\/12\/cndh-pide-expedir-ley-de-derechos-para-jovenes\/"},"modified":"2016-08-12T18:24:55","modified_gmt":"2016-08-12T18:24:55","slug":"cndh-pide-expedir-ley-de-derechos-para-jovenes","status":"publish","type":"post","link":"https:\/\/plazajuarez.mx\/historico\/cndh-pide-expedir-ley-de-derechos-para-jovenes\/","title":{"rendered":"CNDH pide expedir Ley de derechos para j\u00f3venes"},"content":{"rendered":"<p style=\"text-align: justify;\">En el marco del d\u00eda internacional de la Juventud, la Comisi\u00f3n Nacional de los Derechos Humanos (CNDH) se pronunci\u00f3 por expedir la Ley General de los Derechos de las Personas J\u00f3venes.<\/p>\n<p>  <!--more-->  <\/p>\n<p style=\"text-align: justify;\">El organismo que encabeza el \u00f3mbudsman Luis Ra\u00fal Gonz\u00e1lez P\u00e9rez, sostuvo que la falta de informaci\u00f3n adecuada, la incertidumbre sobre su futuro, as\u00ed como los estereotipos sociales, son algunos de los factores que colocan a las y los j\u00f3venes en un estado de vulnerabilidad.<br \/>\u201cLas personas j\u00f3venes son sujetos plenos de derechos que ameritan y exigen su reconocimiento, protecci\u00f3n, respeto y defensa a trav\u00e9s de la generaci\u00f3n de pol\u00edticas con perspectiva de juventud que consideren los \u00e1mbitos social, econ\u00f3mico, pol\u00edtico y cultural, que permitan la transformaci\u00f3n de su realidad y el ambiente propicio para la construcci\u00f3n de su personalidad adulta\u201d, se\u00f1al\u00f3.<br \/>Indic\u00f3 que la violaci\u00f3n de los derechos de los j\u00f3venes se evidencia en la discriminaci\u00f3n que sufren en mayor medida por su apariencia f\u00edsica, por la falta de oportunidades de desarrollo, de educaci\u00f3n, empleo y la transgresi\u00f3n a sus derechos de libertad e integridad.<br \/>\u201cEl Estado mexicano tiene la obligaci\u00f3n de reconocer los j\u00f3venes como actores estrat\u00e9gicos para el desarrollo de nuestro pa\u00eds; brindarles oportunidades incluyentes que les permitan obtener su primera experiencia laboral; crear acciones que contribuyan a mejorar el desarrollo de sus potencialidades\u201d, agreg\u00f3.<\/p>\n<p style=\"box-sizing: border-box; margin: 0px 0px 10px; font-family: Roboto, sans-serif; font-size: 13px; line-height: 16px;\">\u00a0<\/p>\n","protected":false},"excerpt":{"rendered":"<p>En el marco del d\u00eda internacional de la Juventud, la Comisi\u00f3n Nacional de los Derechos Humanos (CNDH) se pronunci\u00f3 por expedir la Ley General de los Derechos de las Personas J\u00f3venes.<\/p>\n","protected":false},"author":6,"featured_media":0,"comment_status":"open","ping_status":"open","sticky":false,"template":"","format":"standard","meta":{"footnotes":""},"categories":[36],"tags":[],"class_list":["post-26590","post","type-post","status-publish","format-standard","hentry","category-nacion"],"_links":{"self":[{"href":"https:\/\/plazajuarez.mx\/historico\/wp-json\/wp\/v2\/posts\/26590","targetHints":{"allow":["GET"]}}],"collection":[{"href":"https:\/\/plazajuarez.mx\/historico\/wp-json\/wp\/v2\/posts"}],"about":[{"href":"https:\/\/plazajuarez.mx\/historico\/wp-json\/wp\/v2\/types\/post"}],"author":[{"embeddable":true,"href":"https:\/\/plazajuarez.mx\/historico\/wp-json\/wp\/v2\/users\/6"}],"replies":[{"embeddable":true,"href":"https:\/\/plazajuarez.mx\/historico\/wp-json\/wp\/v2\/comments?post=26590"}],"version-history":[{"count":0,"href":"https:\/\/plazajuarez.mx\/historico\/wp-json\/wp\/v2\/posts\/26590\/revisions"}],"wp:attachment":[{"href":"https:\/\/plazajuarez.mx\/historico\/wp-json\/wp\/v2\/media?parent=26590"}],"wp:term":[{"taxonomy":"category","embeddable":true,"href":"https:\/\/plazajuarez.mx\/historico\/wp-json\/wp\/v2\/categories?post=26590"},{"taxonomy":"post_tag","embeddable":true,"href":"https:\/\/plazajuarez.mx\/historico\/wp-json\/wp\/v2\/tags?post=26590"}],"curies":[{"name":"wp","href":"https:\/\/api.w.org\/{rel}","templated":true}]}}