{"id":26586,"date":"2016-08-12T11:23:13","date_gmt":"2016-08-12T11:23:13","guid":{"rendered":"http:\/\/plazajuarez.mx\/index\/index.php\/2016\/08\/12\/retratos-hablados-284\/"},"modified":"2016-08-12T11:23:13","modified_gmt":"2016-08-12T11:23:13","slug":"retratos-hablados-284","status":"publish","type":"post","link":"https:\/\/plazajuarez.mx\/historico\/retratos-hablados-284\/","title":{"rendered":"RETRATOS HABLADOS"},"content":{"rendered":"<p>\u25cf\u00a0\u00a0\u00a0 Tiempos de juventud<\/p>\n<p>  <!--more-->  <\/p>\n<p>Desde la oficina del Patronato Universitario ya fue dirigida la orden de iniciar toda una campa\u00f1a en contra del aun gobernador del estado, Francisco Olvera Ruiz. La raz\u00f3n, adem\u00e1s de las que usted quiera y ordene, es una: Gerardo Sosa Castel\u00e1n nunca le perdonar\u00e1 a quien durante mucho tiempo fue su subalterno, que haya llegado al cargo que \u00e9l ya nunca llegar\u00e1. As\u00ed de simple.<br \/>\u00a0\u00a0\u00a0 Por supuesto a lo anterior se han sumado gustosos los que buscan acomodarse a toda costa en el equipo del primer mandatario electo, Omar Fayad Meneses, adem\u00e1s de los que convertidos en San Pedro ya negaron una y otra vez al que antes calificaban como su maestro y gu\u00eda espiritual.<br \/>\u00a0\u00a0\u00a0 Sin embargo empiezan a observarse los cuestionamientos que el poder \u00fanico y absoluto de la Universidad Aut\u00f3noma del Estado de Hidalgo, ha decidido enfilar contra el que ya se va, y por lo tanto empieza a perder poder.<br \/>\u00a0\u00a0\u00a0 Est\u00e1 claro que ninguna administraci\u00f3n estatal puede salir entre v\u00edtores y porras, que hay errores, y graves en toda gubernatura. De eso no hay duda, y el ejercicio de la cr\u00edtica resulta harto saludable para evitar caer en las mismas complicaciones.<br \/>\u00a0\u00a0\u00a0 Al final de cuentas tendr\u00e1 que darse un veredicto hist\u00f3rico, que puede dejar bien o mal parado al que para esos momentos ya ser\u00e1 ex gobernante.<br \/>\u00a0\u00a0\u00a0 Pero cuando estos ejercicios de an\u00e1lisis parten de otro pol\u00edtico que a\u00fan no entiende por qu\u00e9 uno s\u00ed lleg\u00f3 al cuarto piso de Palacio de Gobierno, y \u00e9l no, se antoja que dif\u00edcilmente puede haber un trabajo inteligente ajeno de juicios preexistentes y que simplemente se dan a la tarea de cobrar las afrentas que pudo haber sufrido.<br \/>\u00a0\u00a0\u00a0 Apenas un a\u00f1o mayor que el gobernador Francisco Olvera (tiene 60 a\u00f1os), Sosa Castel\u00e1n (de 61) habr\u00e1 de mantenerse sin embargo como poder \u00fanico en la UAEH, donde hoy mismo proyecta la sucesi\u00f3n del rector Veras Godoy, adem\u00e1s de la estrategia para lograr ampliar su poder en la siguiente administraci\u00f3n estatal.<br \/>\u00a0\u00a0\u00a0 Los cruentos enfrentamientos que ambos personificaron en su pasado estudiantil no han terminado, prueba de lo cual es el esquema desatado por quien fuera dirigente del PRI en Hidalgo, a fin de levantar los negativos del que se va, a fin de que la memoria del ciudadano, a veces tan fr\u00e1gil y f\u00e1cil de manipular, tenga como referencia \u00fanica del sexenio Olverista, los aspectos que en definitiva poco contribuyeron a generar una opini\u00f3n favorable del mismo.<br \/>\u00a0\u00a0\u00a0 Sin embargo un elemento que en el lado m\u00e1s privado de los dos personajes quedar\u00e1, es que uno ya fue gobernador del estado, y el otro no. <br \/>\u00a0\u00a0\u00a0 De ninguna manera se trata de un trago f\u00e1cil de pasar, cuando la carrera pol\u00edtica que llevaron fue pr\u00e1cticamente en paralelo, y en la que el ex rector siempre se coloc\u00f3 como l\u00edder y dador de posibilidades a quienes lo segu\u00edan.<br \/>\u00a0\u00a0\u00a0 La ruptura con el futuro ex gobernador le hizo creer que sin \u00e9l nada, simplemente nada existir\u00eda, pero el resultado para el que se fue ser\u00eda otro, uno que ni en sus peores pesadillas habr\u00eda visto el hombre nacido en Acaxochitl\u00e1n.<br \/>\u00a0\u00a0\u00a0 Y ahora la rueda del tiempo da un nuevo giro. <br \/>\u00a0\u00a0\u00a0 La edad nos habla de dos pol\u00edticos ya entrados en lo que se llama la edad dorada. No son ni pueden ser los mismos. Uno logr\u00f3 una transformaci\u00f3n cierta de la UAEH, pero hoy mismo vive la tentaci\u00f3n de eternizarse en el poder. Otro lleg\u00f3 al cargo que seguramente anhelaron en pl\u00e1ticas estudiantiles. El otro ya no, ya nunca lo lograr\u00e1.<\/p>\n<p>Mil gracias, hasta el pr\u00f3ximo lunes.<\/p>\n<p>jeperalta@gmail.com<br \/>twitter: JavierEPeralta<\/p>\n<p>CITA:<br \/>\u00a0\u00a0\u00a0 Apenas un a\u00f1o mayor que el gobernador Francisco Olvera (tiene 60 a\u00f1os), Sosa Castel\u00e1n (de 61) habr\u00e1 de mantenerse sin embargo como poder \u00fanico en la UAEH, donde hoy mismo proyecta la sucesi\u00f3n del rector Veras Godoy, adem\u00e1s de la estrategia para lograr ampliar su poder en la siguiente administraci\u00f3n estatal.<br \/>\u00a0\u00a0\u00a0 <\/p>\n","protected":false},"excerpt":{"rendered":"<p>\u25cf\u00a0\u00a0\u00a0 Tiempos de juventud<\/p>\n","protected":false},"author":93,"featured_media":0,"comment_status":"open","ping_status":"open","sticky":false,"template":"","format":"standard","meta":{"footnotes":""},"categories":[42],"tags":[],"class_list":["post-26586","post","type-post","status-publish","format-standard","hentry","category-nuestrapalabra"],"_links":{"self":[{"href":"https:\/\/plazajuarez.mx\/historico\/wp-json\/wp\/v2\/posts\/26586","targetHints":{"allow":["GET"]}}],"collection":[{"href":"https:\/\/plazajuarez.mx\/historico\/wp-json\/wp\/v2\/posts"}],"about":[{"href":"https:\/\/plazajuarez.mx\/historico\/wp-json\/wp\/v2\/types\/post"}],"author":[{"embeddable":true,"href":"https:\/\/plazajuarez.mx\/historico\/wp-json\/wp\/v2\/users\/93"}],"replies":[{"embeddable":true,"href":"https:\/\/plazajuarez.mx\/historico\/wp-json\/wp\/v2\/comments?post=26586"}],"version-history":[{"count":0,"href":"https:\/\/plazajuarez.mx\/historico\/wp-json\/wp\/v2\/posts\/26586\/revisions"}],"wp:attachment":[{"href":"https:\/\/plazajuarez.mx\/historico\/wp-json\/wp\/v2\/media?parent=26586"}],"wp:term":[{"taxonomy":"category","embeddable":true,"href":"https:\/\/plazajuarez.mx\/historico\/wp-json\/wp\/v2\/categories?post=26586"},{"taxonomy":"post_tag","embeddable":true,"href":"https:\/\/plazajuarez.mx\/historico\/wp-json\/wp\/v2\/tags?post=26586"}],"curies":[{"name":"wp","href":"https:\/\/api.w.org\/{rel}","templated":true}]}}