{"id":2656,"date":"2015-03-22T06:00:00","date_gmt":"2015-03-22T06:00:00","guid":{"rendered":"http:\/\/plazajuarez.mx\/index\/index.php\/2015\/03\/22\/impartieron-curso-de-manejo-a-la-defensiva\/"},"modified":"2015-03-22T06:00:00","modified_gmt":"2015-03-22T06:00:00","slug":"impartieron-curso-de-manejo-a-la-defensiva","status":"publish","type":"post","link":"https:\/\/plazajuarez.mx\/historico\/impartieron-curso-de-manejo-a-la-defensiva\/","title":{"rendered":"Impartieron Curso de Manejo a la Defensiva"},"content":{"rendered":"<p>PERSONAL DE LA SECRETAR\u00cdA\u00a0 SEGURIDAD P\u00daBLICA DE PACHUCA\u00a0<\/p>\n<p>La Secretar\u00eda de Seguridad P\u00fablica, Tr\u00e1nsito y Vialidad de Pachuca, que encabeza Edwin Hern\u00e1ndez Garrido, a trav\u00e9s de la Direcci\u00f3n de Prevenci\u00f3n del Delito, dio a conocer que se imparti\u00f3 un curso de capacitaci\u00f3n en manejo a la defensiva a empleados de la cadena de tiendas de conveniencia OXXO.<\/p>\n<p>  <!--more-->  <\/p>\n<p>\u00a0<\/p>\n<p>Las din\u00e1micas comprendieron una capacitaci\u00f3n te\u00f3rica en la que se abordaron temas sobre conducci\u00f3n a la defensiva, conservaci\u00f3n del veh\u00edculo, recomendaciones b\u00e1sicas para conducir con econom\u00eda, conceptos de seguridad, condiciones de visibilidad, entre otros.<\/p>\n<p>Al t\u00e9rmino de la teor\u00eda, impartida por el oficial \u00d3scar Garc\u00eda G\u00f3mez, los participantes realizaron pruebas de manejo, a trav\u00e9s del que les fueron evaluadas habilidades, aptitudes y destrezas que desarrollan frente al volante.<\/p>\n<p>Entre los aspectos que fueron analizados en la prueba de manejo se consideran conducci\u00f3n en zig-zag de frente y reversa, despegue en pendiente, maniobras de estacionamiento en bater\u00eda y cord\u00f3n, y la revisi\u00f3n de condiciones f\u00edsicas y mec\u00e1nicas del veh\u00edculo.<\/p>\n<p>Se comparti\u00f3 a los asistentes la importancia del uso del cintur\u00f3n de seguridad, no estacionar los veh\u00edculos en lugares destinados para personas con capacidades diferentes, as\u00ed como no exceder los l\u00edmites de velocidad establecidos en las vialidades.<\/p>\n<p>Adem\u00e1s fue resaltada la repercusi\u00f3n de evitar conducir bajo los influjos de bebidas embriagantes, el uso de los sistemas de retenci\u00f3n infantil, el respeto a los peatones y a los se\u00f1alamientos viales, y, en su caso, la importancia de la utilizaci\u00f3n del casco de motociclista, acciones trascendentales para evitar lesiones graves e incluso la muerte.<\/p>\n<p>La finalidad de este tipo de cursos, impartidos por la Direcci\u00f3n de Prevenci\u00f3n del Delito, es apoyar a las empresas privadas y p\u00fablicas para el desarrollo de las habilidades y destrezas de los conductores, aplicando t\u00e9cnicas de manejo defensivo que estimulen las bases para crear una cultura de prevenci\u00f3n de accidentes viales y evitar p\u00e9rdidas humanas y materiales a consecuencia de ello.<\/p>\n","protected":false},"excerpt":{"rendered":"<p>PERSONAL DE LA SECRETAR\u00cdA\u00a0 SEGURIDAD P\u00daBLICA DE PACHUCA\u00a0 La Secretar\u00eda de Seguridad P\u00fablica, Tr\u00e1nsito y Vialidad de Pachuca, que encabeza Edwin Hern\u00e1ndez Garrido, a trav\u00e9s de la Direcci\u00f3n de Prevenci\u00f3n del Delito, dio a conocer que se imparti\u00f3 un curso de capacitaci\u00f3n en manejo a la defensiva a empleados de la cadena de tiendas de [&hellip;]<\/p>\n","protected":false},"author":93,"featured_media":0,"comment_status":"open","ping_status":"open","sticky":false,"template":"","format":"standard","meta":{"footnotes":""},"categories":[37],"tags":[],"class_list":["post-2656","post","type-post","status-publish","format-standard","hentry","category-barandilla"],"_links":{"self":[{"href":"https:\/\/plazajuarez.mx\/historico\/wp-json\/wp\/v2\/posts\/2656","targetHints":{"allow":["GET"]}}],"collection":[{"href":"https:\/\/plazajuarez.mx\/historico\/wp-json\/wp\/v2\/posts"}],"about":[{"href":"https:\/\/plazajuarez.mx\/historico\/wp-json\/wp\/v2\/types\/post"}],"author":[{"embeddable":true,"href":"https:\/\/plazajuarez.mx\/historico\/wp-json\/wp\/v2\/users\/93"}],"replies":[{"embeddable":true,"href":"https:\/\/plazajuarez.mx\/historico\/wp-json\/wp\/v2\/comments?post=2656"}],"version-history":[{"count":0,"href":"https:\/\/plazajuarez.mx\/historico\/wp-json\/wp\/v2\/posts\/2656\/revisions"}],"wp:attachment":[{"href":"https:\/\/plazajuarez.mx\/historico\/wp-json\/wp\/v2\/media?parent=2656"}],"wp:term":[{"taxonomy":"category","embeddable":true,"href":"https:\/\/plazajuarez.mx\/historico\/wp-json\/wp\/v2\/categories?post=2656"},{"taxonomy":"post_tag","embeddable":true,"href":"https:\/\/plazajuarez.mx\/historico\/wp-json\/wp\/v2\/tags?post=2656"}],"curies":[{"name":"wp","href":"https:\/\/api.w.org\/{rel}","templated":true}]}}