{"id":2655,"date":"2015-03-22T06:00:00","date_gmt":"2015-03-22T06:00:00","guid":{"rendered":"http:\/\/plazajuarez.mx\/index\/index.php\/2015\/03\/22\/torturan-y-asesinan-a-dos-panistas\/"},"modified":"2015-03-22T06:00:00","modified_gmt":"2015-03-22T06:00:00","slug":"torturan-y-asesinan-a-dos-panistas","status":"publish","type":"post","link":"https:\/\/plazajuarez.mx\/historico\/torturan-y-asesinan-a-dos-panistas\/","title":{"rendered":"Torturan y asesinan a dos panistas"},"content":{"rendered":"<p>EN CHIHUAHUA LAMENTAN DECESDO DE AMBAS PERSONAS\u00a0<\/p>\n<p><strong>A trav\u00e9s de Facebook, el senador Javier Corral lament\u00f3 y conden\u00f3 el asesinato de dos j\u00f3venes militantes de su partido<\/strong><\/p>\n<p>  <!--more-->  <\/p>\n<p>\u00a0<\/p>\n<p>A trav\u00e9s de su cuenta de Facebook, el senador panista, Javier Corral, lament\u00f3 el fallecimiento de dos miembros del Partido Acci\u00f3n Nacional (PAN) en Chihuahua.<\/p>\n<p>En el comentario publicado este domingo en dicha red social, el panista mostr\u00f3 indignaci\u00f3n por el asesinato de Mart\u00edn Alonso Colmenero Ledezma y Francisco Javier Aguilar quienes, asegura, fueron torturados y asesinados.<\/p>\n<p>Ambos fueron localizados en un predio despoblado sobre el libramiento Delicias- Sacramento, al oriente de esta capital. Seg\u00fan autoridades ministeriales ten\u00edan atadas manos y pies, recibieron golpes en varias partes del rostro, y les dispararon en la cabeza.<\/p>\n<p>&#8220;Dos muchachos de gran compromiso pol\u00edtico, dedicados al trabajo de su comunidad y con una trayectoria limpia&#8221;.<\/p>\n<p>En su publicaci\u00f3n, asegura que Chihuahua sufre una ola de violencia y asegura que el gobernador, C\u00e9sar Duarte, intenta ocultar la inseguridad falseando cifras.<\/p>\n<p>Mart\u00edn Alonso Colmenero fue delegado del Registro Agrario Nacional, en el sexenio de Felipe Calder\u00f3n; candidato a diputado estatal, y recientemente fue electo como presidente de la Comisi\u00f3n de Doctrina en Comit\u00e9 directivo del blaquiazul.<\/p>\n","protected":false},"excerpt":{"rendered":"<p>EN CHIHUAHUA LAMENTAN DECESDO DE AMBAS PERSONAS\u00a0 A trav\u00e9s de Facebook, el senador Javier Corral lament\u00f3 y conden\u00f3 el asesinato de dos j\u00f3venes militantes de su partido<\/p>\n","protected":false},"author":93,"featured_media":0,"comment_status":"open","ping_status":"open","sticky":false,"template":"","format":"standard","meta":{"footnotes":""},"categories":[37],"tags":[],"class_list":["post-2655","post","type-post","status-publish","format-standard","hentry","category-barandilla"],"_links":{"self":[{"href":"https:\/\/plazajuarez.mx\/historico\/wp-json\/wp\/v2\/posts\/2655","targetHints":{"allow":["GET"]}}],"collection":[{"href":"https:\/\/plazajuarez.mx\/historico\/wp-json\/wp\/v2\/posts"}],"about":[{"href":"https:\/\/plazajuarez.mx\/historico\/wp-json\/wp\/v2\/types\/post"}],"author":[{"embeddable":true,"href":"https:\/\/plazajuarez.mx\/historico\/wp-json\/wp\/v2\/users\/93"}],"replies":[{"embeddable":true,"href":"https:\/\/plazajuarez.mx\/historico\/wp-json\/wp\/v2\/comments?post=2655"}],"version-history":[{"count":0,"href":"https:\/\/plazajuarez.mx\/historico\/wp-json\/wp\/v2\/posts\/2655\/revisions"}],"wp:attachment":[{"href":"https:\/\/plazajuarez.mx\/historico\/wp-json\/wp\/v2\/media?parent=2655"}],"wp:term":[{"taxonomy":"category","embeddable":true,"href":"https:\/\/plazajuarez.mx\/historico\/wp-json\/wp\/v2\/categories?post=2655"},{"taxonomy":"post_tag","embeddable":true,"href":"https:\/\/plazajuarez.mx\/historico\/wp-json\/wp\/v2\/tags?post=2655"}],"curies":[{"name":"wp","href":"https:\/\/api.w.org\/{rel}","templated":true}]}}