{"id":265311,"date":"2023-06-19T16:10:33","date_gmt":"2023-06-19T22:10:33","guid":{"rendered":"https:\/\/plazajuarez.mx\/?p=265311"},"modified":"2023-06-19T16:10:37","modified_gmt":"2023-06-19T22:10:37","slug":"checo_-13","status":"publish","type":"post","link":"https:\/\/plazajuarez.mx\/historico\/checo_-13\/","title":{"rendered":"&#8220;Checo&#8221; P\u00e9rez recibe dardo de Max Verstappen"},"content":{"rendered":"\n<p> Las \u00faltimas tres carreras en la F\u00f3rmula 1 para nada le han dejado un buen sabor de boca a Sergio &#8220;Checo&#8221; P\u00e9rez; y es que tanto en M\u00f3naco como en Espa\u00f1a y Canad\u00e1, el piloto mexicano ha sufrido de cierta manera y eso le ha costado puntos, situaci\u00f3n que ya se comienza a ver reflejada en la tabla del campeonato, donde hasta ahora permanece en el segundo puesto.<\/p>\n\n\n\n<p>Todo esto es un contraste a lo que vive Max Verstappen, quien desde el inicio de la campa\u00f1a 2023 ha dominado y quitando las dos carreras que conquist\u00f3 el tapat\u00edo, el resto han sido para \u00e9l.<\/p>\n\n\n\n<p>Esto mismo ha hecho que el neerland\u00e9s dos veces campe\u00f3n del mundo haya lanzado un severo dardo a su coequipero y hasta cierto punto, una advertencia a los dirigentes de Red Bull: &#8220;Bueno, si yo no estuviera aqu\u00ed, obviamente todo ser\u00eda muy diferente para el equipo&#8221;, expres\u00f3 en entrevista con Motorsport.<\/p>\n\n\n\n<p>Y sentenci\u00f3: &#8220;Si estuviera en su lugar (el de &#8216;Checo&#8217;), no estar\u00eda contento, eso es obvio&#8221;.<\/p>\n","protected":false},"excerpt":{"rendered":"<p>Las \u00faltimas tres carreras en la F\u00f3rmula 1 para nada le han dejado un buen sabor de boca a Sergio &#8220;Checo&#8221; P\u00e9rez; y es que tanto en M\u00f3naco como en Espa\u00f1a y Canad\u00e1, el piloto mexicano ha sufrido de cierta manera y eso le ha costado puntos, situaci\u00f3n que ya se comienza a ver reflejada [&hellip;]<\/p>\n","protected":false},"author":81,"featured_media":259439,"comment_status":"closed","ping_status":"closed","sticky":false,"template":"","format":"standard","meta":{"footnotes":""},"categories":[39],"tags":[],"class_list":["post-265311","post","type-post","status-publish","format-standard","has-post-thumbnail","hentry","category-deportiva"],"_links":{"self":[{"href":"https:\/\/plazajuarez.mx\/historico\/wp-json\/wp\/v2\/posts\/265311","targetHints":{"allow":["GET"]}}],"collection":[{"href":"https:\/\/plazajuarez.mx\/historico\/wp-json\/wp\/v2\/posts"}],"about":[{"href":"https:\/\/plazajuarez.mx\/historico\/wp-json\/wp\/v2\/types\/post"}],"author":[{"embeddable":true,"href":"https:\/\/plazajuarez.mx\/historico\/wp-json\/wp\/v2\/users\/81"}],"replies":[{"embeddable":true,"href":"https:\/\/plazajuarez.mx\/historico\/wp-json\/wp\/v2\/comments?post=265311"}],"version-history":[{"count":0,"href":"https:\/\/plazajuarez.mx\/historico\/wp-json\/wp\/v2\/posts\/265311\/revisions"}],"wp:featuredmedia":[{"embeddable":true,"href":"https:\/\/plazajuarez.mx\/historico\/wp-json\/wp\/v2\/media\/259439"}],"wp:attachment":[{"href":"https:\/\/plazajuarez.mx\/historico\/wp-json\/wp\/v2\/media?parent=265311"}],"wp:term":[{"taxonomy":"category","embeddable":true,"href":"https:\/\/plazajuarez.mx\/historico\/wp-json\/wp\/v2\/categories?post=265311"},{"taxonomy":"post_tag","embeddable":true,"href":"https:\/\/plazajuarez.mx\/historico\/wp-json\/wp\/v2\/tags?post=265311"}],"curies":[{"name":"wp","href":"https:\/\/api.w.org\/{rel}","templated":true}]}}