{"id":265298,"date":"2023-06-19T14:36:27","date_gmt":"2023-06-19T20:36:27","guid":{"rendered":"https:\/\/plazajuarez.mx\/?p=265298"},"modified":"2023-06-19T14:36:31","modified_gmt":"2023-06-19T20:36:31","slug":"marco_","status":"publish","type":"post","link":"https:\/\/plazajuarez.mx\/historico\/marco_\/","title":{"rendered":"Regil recurre a discurso para justificar abandono de mascota"},"content":{"rendered":"\n<p> Aunque Marco Antonio Regil cuenta con mucho apoyo por parte de sus fans, en esta ocasi\u00f3n, hasta sus m\u00e1s fieles seguidores han cuestionado la decisi\u00f3n que tom\u00f3 de dar en adopci\u00f3n a Luna, su peque\u00f1a cachorrita, luego de que, a trav\u00e9s de un extenso mensaje asegurara que no pod\u00eda ofrecerle el estilo de vida que ella merec\u00eda, sin embargo, son muchas y muchos usuarios de Instagram que aseguran que lo \u00fanico que hizo fue pensar en \u00e9l y no en el golpe que le producir\u00eda a su perrita al ya no estar a su lado, pues fue desde hace meses que el conductor de TV dej\u00f3 de vera Luna, ya que la dej\u00f3 a cargo de C\u00e9sar Mill\u00e1n &#8220;el Encantador de perros&#8221;.<\/p>\n\n\n\n<p>El presentador de televisi\u00f3n, mejor conocido por su intervenci\u00f3n en programas de concurso como &#8220;At\u00ednale al precio&#8221; y &#8220;100 mexicanos dijeron&#8221;, dio a conocer hace dos d\u00edas, a trav\u00e9s de una publicaci\u00f3n de Instagram, que hab\u00eda tomado una decisi\u00f3n muy dolorosa en torno a Luna, su perrita, de la cual es muy conocida por sus m\u00e1s de un mill\u00f3n de seguidores, pues Regil sol\u00eda presumir muchas fotograf\u00edas de la gran relaci\u00f3n que sosten\u00eda con la cachorrita, la que adopt\u00f3 durante la pandemia.<\/p>\n\n\n\n<p>La determinaci\u00f3n de la que Marco Antonio hablaba tuvo que ver con dar en adopci\u00f3n a la perrita pues, desde hace unos meses, se le ha dificultado poder estar a su lado, pues el conductor que -en la actualidad- reside en Estados Unidos, viaj\u00f3 a M\u00e9xico para comenzar las grabaciones de &#8220;Escape perfecto&#8221;, proyecto de TV Azteca al que se uni\u00f3 recientemente, a lado de Carlos Espejel, por lo que a trav\u00e9s de su comunicado, Regil dio a conocer sus motivos, pues destac\u00f3 que alejarse de su perrita era algo que le causaba mucho dolor pero m\u00e1s que por \u00e9l, lo hac\u00eda por ella.<\/p>\n\n\n\n<p>&#8220;Con mucho pesar en mi coraz\u00f3n, la mejor vida de Luna, mi Lunita, no se la puedo dar yo&#8221;, introdujo a sus fans.<\/p>\n\n\n\n<p>M\u00e1s adelante, el oriundo de Tijuana cont\u00f3 que, en las \u00faltimas semanas, Luna hab\u00eda convivido con una tentativa familia adoptiva, la cual le abri\u00f3 las puertas de su casa y su coraz\u00f3n, haciendo que la perrita se sintiera abrazada y en familia pues, cabe destacar que, Regil la hab\u00eda adaptado previamente, luego de que la cachorrita fuera hallada en condiciones precarias, lo que la convirti\u00f3 en un lomito desconfiado y con muchos miedos, por lo que para \u00e9l era fundamentar dar con personas que pudieran conferirle de seguridad y cari\u00f1o.<\/p>\n\n\n\n<p>&#8220;Las opciones eran claras: quedarme con ella para no perderla, y sacrificar su felicidad y bienestar, o permitirle estar con una familia que le pudiese dar todo lo que yo no puedo en este momento de mi vida&#8221;, plante\u00f3. &#8220;Al ver los cambios tan positivos que ha tenido, decid\u00ed permitirle vivir una realidad mejor para ella, aunque mi coraz\u00f3n me duela, pues la amo y la extra\u00f1ar\u00e9 siempre&#8221;, profundiz\u00f3.<\/p>\n\n\n\n<p>A continuaci\u00f3n, el conductor de TV hizo una reflexi\u00f3n acerca del desapego y los sacrificios que se tiene que hacer, en algunas circunstancias, cuando se aman aut\u00e9nticamente a alguien, como -asegur\u00f3- ocurre entre \u00e9l y Luna, por lo que al encontrar una familia que la procuraba y, con ella, una hermanita canina que la recibi\u00f3 en su nuevo hogar sin recelos, tom\u00f3 la decisi\u00f3n de darla en adopci\u00f3n y seguir su camino sin ella, decisi\u00f3n que le ha sido muy criticada, pues en sus redes sociales se puede leer comentarios que sugieren que Regil est\u00e1 haciendo uso de su discurso motivacional para justificar el abandono que propin\u00f3.<\/p>\n\n\n\n<p>Cabe destacar que fue desde principio de marzo que Regil dej\u00f3 de ver a Luna pues, durante esa \u00e9poca, el conductor dej\u00f3 al cuidado de la perrita a C\u00e9sar Mill\u00e1n, &#8220;el Encantador de perros&#8221;, quien cuenta con un rancho donde rehabilita perritos que vivieron condiciones complicadas que generaron en ellos personalidades hostiles y complejas de revertir, por lo que aseguran que es desde hace meses que el conductor se deslind\u00f3 de sus cuidados.<\/p>\n","protected":false},"excerpt":{"rendered":"<p>Aunque Marco Antonio Regil cuenta con mucho apoyo por parte de sus fans, en esta ocasi\u00f3n, hasta sus m\u00e1s fieles seguidores han cuestionado la decisi\u00f3n que tom\u00f3 de dar en adopci\u00f3n a Luna, su peque\u00f1a cachorrita, luego de que, a trav\u00e9s de un extenso mensaje asegurara que no pod\u00eda ofrecerle el estilo de vida que [&hellip;]<\/p>\n","protected":false},"author":81,"featured_media":265299,"comment_status":"closed","ping_status":"closed","sticky":false,"template":"","format":"standard","meta":{"footnotes":""},"categories":[38],"tags":[],"class_list":["post-265298","post","type-post","status-publish","format-standard","has-post-thumbnail","hentry","category-show"],"_links":{"self":[{"href":"https:\/\/plazajuarez.mx\/historico\/wp-json\/wp\/v2\/posts\/265298","targetHints":{"allow":["GET"]}}],"collection":[{"href":"https:\/\/plazajuarez.mx\/historico\/wp-json\/wp\/v2\/posts"}],"about":[{"href":"https:\/\/plazajuarez.mx\/historico\/wp-json\/wp\/v2\/types\/post"}],"author":[{"embeddable":true,"href":"https:\/\/plazajuarez.mx\/historico\/wp-json\/wp\/v2\/users\/81"}],"replies":[{"embeddable":true,"href":"https:\/\/plazajuarez.mx\/historico\/wp-json\/wp\/v2\/comments?post=265298"}],"version-history":[{"count":0,"href":"https:\/\/plazajuarez.mx\/historico\/wp-json\/wp\/v2\/posts\/265298\/revisions"}],"wp:featuredmedia":[{"embeddable":true,"href":"https:\/\/plazajuarez.mx\/historico\/wp-json\/wp\/v2\/media\/265299"}],"wp:attachment":[{"href":"https:\/\/plazajuarez.mx\/historico\/wp-json\/wp\/v2\/media?parent=265298"}],"wp:term":[{"taxonomy":"category","embeddable":true,"href":"https:\/\/plazajuarez.mx\/historico\/wp-json\/wp\/v2\/categories?post=265298"},{"taxonomy":"post_tag","embeddable":true,"href":"https:\/\/plazajuarez.mx\/historico\/wp-json\/wp\/v2\/tags?post=265298"}],"curies":[{"name":"wp","href":"https:\/\/api.w.org\/{rel}","templated":true}]}}