{"id":265295,"date":"2023-06-19T14:33:24","date_gmt":"2023-06-19T20:33:24","guid":{"rendered":"https:\/\/plazajuarez.mx\/?p=265295"},"modified":"2023-06-19T14:33:28","modified_gmt":"2023-06-19T20:33:28","slug":"solsticio_","status":"publish","type":"post","link":"https:\/\/plazajuarez.mx\/historico\/solsticio_\/","title":{"rendered":"Solsticio de verano 2023. Cu\u00e1ndo y a qu\u00e9 hora se produce el evento"},"content":{"rendered":"\n<p> Al solsticio de verano tambi\u00e9n se le conoce como el d\u00eda &#8220;m\u00e1s largo&#8221; del a\u00f1o. Durante este fen\u00f3meno de la naturaleza se despide a la primavera y con ello arranca una nueva estaci\u00f3n en la que prevalece el clima c\u00e1lido.<\/p>\n\n\n\n<p>Las antiguas civilizaciones aprendieron determinar las temporadas estacionales conforme la astronom\u00eda. De tal manera que mediante la observaci\u00f3n de los astros fue posible trazar un calendario con fechas importantes para la poblaci\u00f3n.<\/p>\n\n\n\n<p>Y es que el solsticio de verano, m\u00e1s all\u00e1 de su significado para diversas culturas, es un evento que beneficia actividades como el cultivo, la cosecha, la agricultura y hasta la fertilizaci\u00f3n de suelos. Pero \u00bfqu\u00e9 es lo que lo produce?<\/p>\n\n\n\n<p>El 20 de junio finaliza la primavera. En consecuencia, el 21 del mismo mes se presenta el solsticio, que justamente marca la entrada de la temporada estival o verano para el hemisferio norte, mientras que en el hemisferio sur entra el invierno.<\/p>\n\n\n\n<p>Oficialmente, el solsticio ocurrir\u00e1 el mi\u00e9rcoles 21 de junio a las 08:57 horas, esto de acuerdo con el Instituto de Astrof\u00edsica, \u00d3ptica y Electr\u00f3nica (INOE).<\/p>\n\n\n\n<p>Existe la creencia popular de llamar al solsticio de verano como &#8220;el d\u00eda m\u00e1s largo del a\u00f1o&#8221; y esto se debe a que la luz del sol extender\u00e1 su periodo de iluminaci\u00f3n por aproximadamente 13 horas con 25 minutos. As\u00ed, la noche se percibir\u00e1 de menor duraci\u00f3n.<\/p>\n\n\n\n<p>De acuerdo con un art\u00edculo de la Universidad Nacional Aut\u00f3noma de M\u00e9xico (UNAM), durante este fen\u00f3meno el eje norte-sur de la Tierra alcanza una inclinaci\u00f3n de 23.4 grados hacia el Sol.<\/p>\n\n\n\n<p>Por lo anterior, se dice que el Polo Norte se sit\u00faa m\u00e1s cerca del &#8220;astro mayor&#8221;. Hay quienes creen que el 21 de junio tambi\u00e9n es el d\u00eda m\u00e1s caluroso que el resto del a\u00f1o, aunque esto tiene poca evidencia cient\u00edfica.<\/p>\n\n\n\n<p>Lo que s\u00ed es una realidad es que durante dicha fecha se llevan a cabo rituales para promover la positividad, la energ\u00eda, el movimiento y la alegr\u00eda.<\/p>\n","protected":false},"excerpt":{"rendered":"<p>Al solsticio de verano tambi\u00e9n se le conoce como el d\u00eda &#8220;m\u00e1s largo&#8221; del a\u00f1o. Durante este fen\u00f3meno de la naturaleza se despide a la primavera y con ello arranca una nueva estaci\u00f3n en la que prevalece el clima c\u00e1lido. Las antiguas civilizaciones aprendieron determinar las temporadas estacionales conforme la astronom\u00eda. De tal manera que [&hellip;]<\/p>\n","protected":false},"author":81,"featured_media":265296,"comment_status":"closed","ping_status":"closed","sticky":false,"template":"","format":"standard","meta":{"footnotes":""},"categories":[36],"tags":[],"class_list":["post-265295","post","type-post","status-publish","format-standard","has-post-thumbnail","hentry","category-nacion"],"_links":{"self":[{"href":"https:\/\/plazajuarez.mx\/historico\/wp-json\/wp\/v2\/posts\/265295","targetHints":{"allow":["GET"]}}],"collection":[{"href":"https:\/\/plazajuarez.mx\/historico\/wp-json\/wp\/v2\/posts"}],"about":[{"href":"https:\/\/plazajuarez.mx\/historico\/wp-json\/wp\/v2\/types\/post"}],"author":[{"embeddable":true,"href":"https:\/\/plazajuarez.mx\/historico\/wp-json\/wp\/v2\/users\/81"}],"replies":[{"embeddable":true,"href":"https:\/\/plazajuarez.mx\/historico\/wp-json\/wp\/v2\/comments?post=265295"}],"version-history":[{"count":0,"href":"https:\/\/plazajuarez.mx\/historico\/wp-json\/wp\/v2\/posts\/265295\/revisions"}],"wp:featuredmedia":[{"embeddable":true,"href":"https:\/\/plazajuarez.mx\/historico\/wp-json\/wp\/v2\/media\/265296"}],"wp:attachment":[{"href":"https:\/\/plazajuarez.mx\/historico\/wp-json\/wp\/v2\/media?parent=265295"}],"wp:term":[{"taxonomy":"category","embeddable":true,"href":"https:\/\/plazajuarez.mx\/historico\/wp-json\/wp\/v2\/categories?post=265295"},{"taxonomy":"post_tag","embeddable":true,"href":"https:\/\/plazajuarez.mx\/historico\/wp-json\/wp\/v2\/tags?post=265295"}],"curies":[{"name":"wp","href":"https:\/\/api.w.org\/{rel}","templated":true}]}}