{"id":265279,"date":"2023-06-19T13:55:30","date_gmt":"2023-06-19T19:55:30","guid":{"rendered":"https:\/\/plazajuarez.mx\/?p=265279"},"modified":"2023-06-19T13:55:33","modified_gmt":"2023-06-19T19:55:33","slug":"adan","status":"publish","type":"post","link":"https:\/\/plazajuarez.mx\/historico\/adan\/","title":{"rendered":"En 2024 le ganaremos a Televisa, oligarcas y corruptos: Ad\u00e1n Augusto"},"content":{"rendered":"\n<p>Al iniciar la contienda interna en Morena rumbo a las elecciones de 2024, el exsecretario de Gobernaci\u00f3n, Ad\u00e1n Augusto L\u00f3pez Hern\u00e1ndez, arremeti\u00f3 contra los empresarios, los concesionarios de la televisi\u00f3n y en particular contra Televisa.<\/p>\n\n\n\n<p>En el Centro Deportivo &#8220;La Lija&#8221;, de Puerto Vallarta, donde encabez\u00f3 su primera asamblea informativa ante cinco mil personas, L\u00f3pez Hern\u00e1ndez asegur\u00f3 que ganar\u00e1 este proceso en Morena y advirti\u00f3 que en las elecciones del pr\u00f3ximo a\u00f1o derrotar\u00e1 a los &#8220;oligarcas y se\u00f1ores del dinero&#8221;.<\/p>\n\n\n\n<p>&#8220;Para que se escuche bien y se escuche lejos: A nosotros no nos preocupan los intereses de la oligarqu\u00eda, de los se\u00f1ores del dinero, que piensan que porque tienen canales de televisi\u00f3n controlan la mayor\u00eda.<\/p>\n\n\n\n<p>&#8220;Desde aqu\u00ed les digo: A m\u00ed no me importa que no me saquen en sus noticieros y que me borren. Nosotros aprendimos desde hace much\u00edsimos a\u00f1os que si el pueblo se organiza no nos gana Televisa.<\/p>\n\n\n\n<p>&#8220;Que se escuche bien, vamos a ganar este proceso, no vamos a caer en el juego de los que se sienten amos y se\u00f1ores, les vamos a ganar a esos que se erig\u00edan soldados del presidente, le vamos a ganar a la oligarqu\u00eda, le vamos a ganar a los corruptos de siempre&#8221;, enfatiz\u00f3, ante los gritos de &#8220;Presidente, presidente, presidente&#8221;, que corearon sus simpatizantes.<\/p>\n\n\n\n<p>El extitular de la Segob ratific\u00f3 su postura de rechazo al financiamiento de Morena por cinco millones de pesos para los recorridos que realizar\u00e1n las corcholatas en las pr\u00f3ximas 10 semanas. Reiter\u00f3 su propuesta de que esos recursos se canalicen a obras sociales en las comunidades m\u00e1s necesitadas de Metlat\u00f3noc, Guerrero, y Huayacocotla, Veracruz.<\/p>\n\n\n\n<p>&#8220;No los acept\u00e9 porque yo aprend\u00ed junto al presidente de la Rep\u00fablica a construir este movimiento cuando \u00e9ramos s\u00f3lo un pu\u00f1ado de mexicanos. Desde all\u00e1 cuando inici\u00e1bamos en Tabasco, nunca necesitamos de recursos p\u00fablicos para que creciera lo que hoy es Morena, lo que hoy es el proceso transformador de la patria.<\/p>\n\n\n\n<p>&#8220;Nada de vi\u00e1ticos, nada, si siempre hasta el m\u00e1s apartado rinc\u00f3n del pa\u00eds, siempre habr\u00e1 una mexicana, un mexicano que te invita y te comparta de su mesa, que te invite un frijol, un caldo de frijol con un plato de arroz, que te ense\u00f1e c\u00f3mo somos los mexicanos, hasta el m\u00e1s modesto de los mexicanos somos compa\u00f1eros que nos tendemos la mano&#8221;, expres\u00f3.<\/p>\n\n\n\n<p>Ad\u00e1n Augusto L\u00f3pez insisti\u00f3 en que s\u00ed se requiere piso parejo, pero para el pueblo, &#8220;para que nunca m\u00e1s les falte una pensi\u00f3n a los adultos mayores en este pa\u00eds. Para que haya m\u00e9dicos y medicinas en el sistema de salud de IMSS-Bienestar, para que siga habiendo los apoyos sociales, para que se consoliden programas como el de Sembrando Vida&#8221;.<\/p>\n\n\n\n<p>&#8220;Ese es el piso parejo que nosotros queremos para todas y todos los mexicanos, que no haya nunca m\u00e1s un excluido, que no haya nunca m\u00e1s marginaci\u00f3n en nuestro pa\u00eds&#8221;, declar\u00f3.<\/p>\n","protected":false},"excerpt":{"rendered":"<p>Al iniciar la contienda interna en Morena rumbo a las elecciones de 2024, el exsecretario de Gobernaci\u00f3n, Ad\u00e1n Augusto L\u00f3pez Hern\u00e1ndez, arremeti\u00f3 contra los empresarios, los concesionarios de la televisi\u00f3n y en particular contra Televisa. En el Centro Deportivo &#8220;La Lija&#8221;, de Puerto Vallarta, donde encabez\u00f3 su primera asamblea informativa ante cinco mil personas, L\u00f3pez [&hellip;]<\/p>\n","protected":false},"author":81,"featured_media":265281,"comment_status":"closed","ping_status":"closed","sticky":false,"template":"","format":"standard","meta":{"footnotes":""},"categories":[15,36],"tags":[],"class_list":["post-265279","post","type-post","status-publish","format-standard","has-post-thumbnail","hentry","category-destacadas","category-nacion"],"_links":{"self":[{"href":"https:\/\/plazajuarez.mx\/historico\/wp-json\/wp\/v2\/posts\/265279","targetHints":{"allow":["GET"]}}],"collection":[{"href":"https:\/\/plazajuarez.mx\/historico\/wp-json\/wp\/v2\/posts"}],"about":[{"href":"https:\/\/plazajuarez.mx\/historico\/wp-json\/wp\/v2\/types\/post"}],"author":[{"embeddable":true,"href":"https:\/\/plazajuarez.mx\/historico\/wp-json\/wp\/v2\/users\/81"}],"replies":[{"embeddable":true,"href":"https:\/\/plazajuarez.mx\/historico\/wp-json\/wp\/v2\/comments?post=265279"}],"version-history":[{"count":0,"href":"https:\/\/plazajuarez.mx\/historico\/wp-json\/wp\/v2\/posts\/265279\/revisions"}],"wp:featuredmedia":[{"embeddable":true,"href":"https:\/\/plazajuarez.mx\/historico\/wp-json\/wp\/v2\/media\/265281"}],"wp:attachment":[{"href":"https:\/\/plazajuarez.mx\/historico\/wp-json\/wp\/v2\/media?parent=265279"}],"wp:term":[{"taxonomy":"category","embeddable":true,"href":"https:\/\/plazajuarez.mx\/historico\/wp-json\/wp\/v2\/categories?post=265279"},{"taxonomy":"post_tag","embeddable":true,"href":"https:\/\/plazajuarez.mx\/historico\/wp-json\/wp\/v2\/tags?post=265279"}],"curies":[{"name":"wp","href":"https:\/\/api.w.org\/{rel}","templated":true}]}}