{"id":265273,"date":"2023-06-19T12:58:21","date_gmt":"2023-06-19T18:58:21","guid":{"rendered":"https:\/\/plazajuarez.mx\/?p=265273"},"modified":"2023-06-19T12:58:25","modified_gmt":"2023-06-19T18:58:25","slug":"marcelo-ebrard-propone-crear-la-secretaria-de-la-4t","status":"publish","type":"post","link":"https:\/\/plazajuarez.mx\/historico\/marcelo-ebrard-propone-crear-la-secretaria-de-la-4t\/","title":{"rendered":"Marcelo Ebrard propone crear la Secretar\u00eda de la 4T"},"content":{"rendered":"\n<p>En su primer d\u00eda de gira para buscar la candidatura presidencial, Marcelo Ebrard se comprometi\u00f3 a crear la Secretar\u00eda de la Cuarta Transformaci\u00f3n para garantizar la continuidad del movimiento y sus objetivos.<br><br>El excanciller le pedir\u00e1 a Andr\u00e9s Manuel L\u00f3pez Beltr\u00e1n que dirija esta secretar\u00eda.<br><br>En un evento en la Ciudad de M\u00e9xico, Ebrard explic\u00f3 que el objetivo es &#8220;construir sobre el legado que nos va a dejar Andr\u00e9s Manuel L\u00f3pez Obrador y quienes lo han acompa\u00f1ado en esta lucha&#8221;.<br><br>Se\u00f1al\u00f3 que se fortalecer\u00e1n las grandes obras de infraestructura como la Refiner\u00eda Dos Bocas, el Aeropuerto Internacional Felipe \u00c1ngeles (AIFA), Tren Maya, entre otros, para maximizar su beneficio y plena realizaci\u00f3n.<br><br>Tambi\u00e9n se\u00f1al\u00f3 que esta secretar\u00eda se encargar\u00e1 de proteger los programas sociales y promover su expansi\u00f3n.<\/p>\n","protected":false},"excerpt":{"rendered":"<p>En su primer d\u00eda de gira para buscar la candidatura presidencial, Marcelo Ebrard se comprometi\u00f3 a crear la Secretar\u00eda de la Cuarta Transformaci\u00f3n para garantizar la continuidad del movimiento y sus objetivos. El excanciller le pedir\u00e1 a Andr\u00e9s Manuel L\u00f3pez Beltr\u00e1n que dirija esta secretar\u00eda. En un evento en la Ciudad de M\u00e9xico, Ebrard explic\u00f3 [&hellip;]<\/p>\n","protected":false},"author":81,"featured_media":265274,"comment_status":"closed","ping_status":"closed","sticky":false,"template":"","format":"standard","meta":{"footnotes":""},"categories":[15,36],"tags":[],"class_list":["post-265273","post","type-post","status-publish","format-standard","has-post-thumbnail","hentry","category-destacadas","category-nacion"],"_links":{"self":[{"href":"https:\/\/plazajuarez.mx\/historico\/wp-json\/wp\/v2\/posts\/265273","targetHints":{"allow":["GET"]}}],"collection":[{"href":"https:\/\/plazajuarez.mx\/historico\/wp-json\/wp\/v2\/posts"}],"about":[{"href":"https:\/\/plazajuarez.mx\/historico\/wp-json\/wp\/v2\/types\/post"}],"author":[{"embeddable":true,"href":"https:\/\/plazajuarez.mx\/historico\/wp-json\/wp\/v2\/users\/81"}],"replies":[{"embeddable":true,"href":"https:\/\/plazajuarez.mx\/historico\/wp-json\/wp\/v2\/comments?post=265273"}],"version-history":[{"count":0,"href":"https:\/\/plazajuarez.mx\/historico\/wp-json\/wp\/v2\/posts\/265273\/revisions"}],"wp:featuredmedia":[{"embeddable":true,"href":"https:\/\/plazajuarez.mx\/historico\/wp-json\/wp\/v2\/media\/265274"}],"wp:attachment":[{"href":"https:\/\/plazajuarez.mx\/historico\/wp-json\/wp\/v2\/media?parent=265273"}],"wp:term":[{"taxonomy":"category","embeddable":true,"href":"https:\/\/plazajuarez.mx\/historico\/wp-json\/wp\/v2\/categories?post=265273"},{"taxonomy":"post_tag","embeddable":true,"href":"https:\/\/plazajuarez.mx\/historico\/wp-json\/wp\/v2\/tags?post=265273"}],"curies":[{"name":"wp","href":"https:\/\/api.w.org\/{rel}","templated":true}]}}