{"id":265269,"date":"2023-06-19T12:48:44","date_gmt":"2023-06-19T18:48:44","guid":{"rendered":"https:\/\/plazajuarez.mx\/?p=265269"},"modified":"2023-06-19T12:48:48","modified_gmt":"2023-06-19T18:48:48","slug":"amlo-anuncia-acuerdo-para-prohibir-maiz-transgenico-en-tortillerias","status":"publish","type":"post","link":"https:\/\/plazajuarez.mx\/historico\/amlo-anuncia-acuerdo-para-prohibir-maiz-transgenico-en-tortillerias\/","title":{"rendered":"AMLO anuncia acuerdo para prohibir ma\u00edz transg\u00e9nico en tortiller\u00edas"},"content":{"rendered":"\n<p>Se ampli\u00f3 por dos a\u00f1os m\u00e1s el plazo para que en el pa\u00eds se utilice el ma\u00edz amarillo o llamado transg\u00e9nico como forraje, anunci\u00f3 el presidente Andr\u00e9s Manuel L\u00f3pez Obrador.<br><br>Estamos trabajando con el gobierno explic\u00e1ndoles cu\u00e1l es nuestra postura, d\u00e1ndoles opciones, se ampli\u00f3 el plazo para el uso de ma\u00edz transg\u00e9nico, aunque les molesta mucho que se diga transg\u00e9nico, dijo en su conferencia ma\u00f1anera de este lunes en Palacio Nacional.<br><br>&#8220;Se ampli\u00f3 el plazo para el uso de ma\u00edz amarillo en forraje, porque ya se venc\u00eda el plazo, nos plantearon que ya hab\u00edan definido sus procesos de producci\u00f3n, sus cosechas, dijimos adelante, dos a\u00f1os, para que no haya problemas&#8221;, coment\u00f3.<br><br>Agreg\u00f3 que no se permitir\u00e1 que el ma\u00edz transg\u00e9nico se utilice para el consumo humano, aunque se tenga que llegar a paneles de negociaci\u00f3n porque es un asunto de salud p\u00fablica.<br><br>&#8220;Sin embargo, siguen insistiendo en que se pueda utilizar el ma\u00edz amarillo en consumo humano, y no lo vamos a permitir. El ma\u00edz amarillo s\u00f3lo para alimento de cerdos, pollos, para forraje; y el ma\u00edz blanco para la masa, la tortilla, para alimento humano&#8221;, expuso.<br><br>A\u00f1adi\u00f3 que est\u00e1 semana firmar\u00e1 un acuerdo para prohibir que en las tortiller\u00edas se utilice ma\u00edz transg\u00e9nico, y la imposici\u00f3n de aranceles para evitar la importaci\u00f3n de ma\u00edz blanco.<br><br>&#8220;Se relaciona con un acuerdo que estoy por firmar esta semana, para que en las tortiller\u00edas solo se use ma\u00edz blanco, y no transg\u00e9nico; y va a ir acompa\u00f1ado con el establecimiento de aranceles, para que no se importe ma\u00edz blanco y se compre a los productores nacionales el ma\u00edz blanco&#8221;, afirm\u00f3.<\/p>\n","protected":false},"excerpt":{"rendered":"<p>Se ampli\u00f3 por dos a\u00f1os m\u00e1s el plazo para que en el pa\u00eds se utilice el ma\u00edz amarillo o llamado transg\u00e9nico como forraje, anunci\u00f3 el presidente Andr\u00e9s Manuel L\u00f3pez Obrador. Estamos trabajando con el gobierno explic\u00e1ndoles cu\u00e1l es nuestra postura, d\u00e1ndoles opciones, se ampli\u00f3 el plazo para el uso de ma\u00edz transg\u00e9nico, aunque les molesta [&hellip;]<\/p>\n","protected":false},"author":81,"featured_media":265270,"comment_status":"closed","ping_status":"closed","sticky":false,"template":"","format":"standard","meta":{"footnotes":""},"categories":[15,36],"tags":[],"class_list":["post-265269","post","type-post","status-publish","format-standard","has-post-thumbnail","hentry","category-destacadas","category-nacion"],"_links":{"self":[{"href":"https:\/\/plazajuarez.mx\/historico\/wp-json\/wp\/v2\/posts\/265269","targetHints":{"allow":["GET"]}}],"collection":[{"href":"https:\/\/plazajuarez.mx\/historico\/wp-json\/wp\/v2\/posts"}],"about":[{"href":"https:\/\/plazajuarez.mx\/historico\/wp-json\/wp\/v2\/types\/post"}],"author":[{"embeddable":true,"href":"https:\/\/plazajuarez.mx\/historico\/wp-json\/wp\/v2\/users\/81"}],"replies":[{"embeddable":true,"href":"https:\/\/plazajuarez.mx\/historico\/wp-json\/wp\/v2\/comments?post=265269"}],"version-history":[{"count":0,"href":"https:\/\/plazajuarez.mx\/historico\/wp-json\/wp\/v2\/posts\/265269\/revisions"}],"wp:featuredmedia":[{"embeddable":true,"href":"https:\/\/plazajuarez.mx\/historico\/wp-json\/wp\/v2\/media\/265270"}],"wp:attachment":[{"href":"https:\/\/plazajuarez.mx\/historico\/wp-json\/wp\/v2\/media?parent=265269"}],"wp:term":[{"taxonomy":"category","embeddable":true,"href":"https:\/\/plazajuarez.mx\/historico\/wp-json\/wp\/v2\/categories?post=265269"},{"taxonomy":"post_tag","embeddable":true,"href":"https:\/\/plazajuarez.mx\/historico\/wp-json\/wp\/v2\/tags?post=265269"}],"curies":[{"name":"wp","href":"https:\/\/api.w.org\/{rel}","templated":true}]}}