{"id":265265,"date":"2023-06-19T12:33:47","date_gmt":"2023-06-19T18:33:47","guid":{"rendered":"https:\/\/plazajuarez.mx\/?p=265265"},"modified":"2023-06-19T12:33:51","modified_gmt":"2023-06-19T18:33:51","slug":"ana-guevara-es-considerada-como-la-mas-corrupta-del-gobierno-de-amlo","status":"publish","type":"post","link":"https:\/\/plazajuarez.mx\/historico\/ana-guevara-es-considerada-como-la-mas-corrupta-del-gobierno-de-amlo\/","title":{"rendered":"Ana Guevara es considerada como la m\u00e1s corrupta del gobierno de AMLO"},"content":{"rendered":"\n<p>Una nueva pol\u00e9mica para Ana Gabriela Guevara, directora de la Comisi\u00f3n Nacional de Cultura F\u00edsica y Deporte, ya que una encuesta revel\u00f3 que los mexicanos la consideran la m\u00e1s corrupta en lo que va del gobierno de Andr\u00e9s Manuel L\u00f3pez Obrador.<br><br>La plataforma M\u00e9xico Elige revel\u00f3 los datos de varias encuestas realizadas durante junio y el resultado de los pol\u00edticos m\u00e1s corruptos del pa\u00eds arroj\u00f3 que era Ana Guevara.<br><br>La primera parte del cuestionamiento surgi\u00f3 tras la pregunta, \u00bfConsidera que en el gobierno de Andr\u00e9s Manuel L\u00f3pez Obrador hay o no hay corrupci\u00f3n? El 61.6% de los encuestados respondieron que s\u00ed, un 27% piensa que no y el 11.4% no lo sabe.<br><br>Posteriormente la plataforma detall\u00f3 el \u00edndice de percepci\u00f3n de corrupci\u00f3n donde la lista la lidera Ana Gabriela Guevara, directora de Conade, con un total de 62.4 puntos.<br><br>El pol\u00edtico m\u00e1s cercano a la exvelocista fue Manuel Barlett, director general de la CFE, con 54.5 puntos.<br><br><strong>Pol\u00e9micas de Ana Guevara en Conade<br><\/strong><br>La encuesta de M\u00e9xico Elige se realiz\u00f3 en junio, mes donde Ana Guevara fue se\u00f1alada de no apoyar a las atletas de nado art\u00edstico, incluso sus declaraciones en tono sarc\u00e1rtico para que las deportistas vendieran calzones, Avon o Tupperware le generaron se\u00f1alamientos negativos.<br><br>Aunque no han sido las \u00fanicas pol\u00e9micas de la exvelocista, en 2020 la Secretar\u00eda de la Funci\u00f3n P\u00fablica hizo p\u00fablico la desviaci\u00f3n de recursos federales del fideicomiso del Fondo para el Deporte de Alto Rendimiento.<br><br>Ese mismo a\u00f1o, los empresarios Jes\u00fas Cha\u00edn y Rafael S\u00e1nchez sufrieron un atentado en Veracruz, la colaboradora de Guevara, Armida Ram\u00edrez fue se\u00f1alada como la autora intelectual, adem\u00e1s los mismos empresarios acusaron a Guevara de extorsionarlos al cobrarles 2.5 millones de pesos.<br><br>En 2022 la Auditor\u00eda Superior de la Federaci\u00f3n se\u00f1al\u00f3 que hubo irregularidades en el gasto p\u00fablico de Conade durante el 2020, la cifra oscilaba en los 377 millones de pesos.<br><br>En 2023 Ana Guevara retir\u00f3 las becas a todos los atletas de disciplinas acu\u00e1ticas debido a que para Conade el presidente de la Federaci\u00f3n Mexicana de Nataci\u00f3n sigue siendo Kiril Todorov, para el organismo mexicano el Comit\u00e9 Estabilizador que nombr\u00f3 World Aquatics no tiene valor legal en M\u00e9xico.<\/p>\n","protected":false},"excerpt":{"rendered":"<p>Una nueva pol\u00e9mica para Ana Gabriela Guevara, directora de la Comisi\u00f3n Nacional de Cultura F\u00edsica y Deporte, ya que una encuesta revel\u00f3 que los mexicanos la consideran la m\u00e1s corrupta en lo que va del gobierno de Andr\u00e9s Manuel L\u00f3pez Obrador. La plataforma M\u00e9xico Elige revel\u00f3 los datos de varias encuestas realizadas durante junio y [&hellip;]<\/p>\n","protected":false},"author":81,"featured_media":265266,"comment_status":"closed","ping_status":"closed","sticky":false,"template":"","format":"standard","meta":{"footnotes":""},"categories":[15,36],"tags":[],"class_list":["post-265265","post","type-post","status-publish","format-standard","has-post-thumbnail","hentry","category-destacadas","category-nacion"],"_links":{"self":[{"href":"https:\/\/plazajuarez.mx\/historico\/wp-json\/wp\/v2\/posts\/265265","targetHints":{"allow":["GET"]}}],"collection":[{"href":"https:\/\/plazajuarez.mx\/historico\/wp-json\/wp\/v2\/posts"}],"about":[{"href":"https:\/\/plazajuarez.mx\/historico\/wp-json\/wp\/v2\/types\/post"}],"author":[{"embeddable":true,"href":"https:\/\/plazajuarez.mx\/historico\/wp-json\/wp\/v2\/users\/81"}],"replies":[{"embeddable":true,"href":"https:\/\/plazajuarez.mx\/historico\/wp-json\/wp\/v2\/comments?post=265265"}],"version-history":[{"count":0,"href":"https:\/\/plazajuarez.mx\/historico\/wp-json\/wp\/v2\/posts\/265265\/revisions"}],"wp:featuredmedia":[{"embeddable":true,"href":"https:\/\/plazajuarez.mx\/historico\/wp-json\/wp\/v2\/media\/265266"}],"wp:attachment":[{"href":"https:\/\/plazajuarez.mx\/historico\/wp-json\/wp\/v2\/media?parent=265265"}],"wp:term":[{"taxonomy":"category","embeddable":true,"href":"https:\/\/plazajuarez.mx\/historico\/wp-json\/wp\/v2\/categories?post=265265"},{"taxonomy":"post_tag","embeddable":true,"href":"https:\/\/plazajuarez.mx\/historico\/wp-json\/wp\/v2\/tags?post=265265"}],"curies":[{"name":"wp","href":"https:\/\/api.w.org\/{rel}","templated":true}]}}