{"id":265261,"date":"2023-06-19T11:59:25","date_gmt":"2023-06-19T17:59:25","guid":{"rendered":"https:\/\/plazajuarez.mx\/?p=265261"},"modified":"2023-06-19T11:59:29","modified_gmt":"2023-06-19T17:59:29","slug":"luisa-maria-alcalde-nueva-secretaria-de-gobernacion","status":"publish","type":"post","link":"https:\/\/plazajuarez.mx\/historico\/luisa-maria-alcalde-nueva-secretaria-de-gobernacion\/","title":{"rendered":"Luisa Mar\u00eda Alcalde, nueva secretaria de Gobernaci\u00f3n"},"content":{"rendered":"\n<p>Luisa Mar\u00eda Alcalde ser\u00e1 la nueva secretaria de Gobernaci\u00f3n en sustituci\u00f3n de Ad\u00e1n Augusto L\u00f3pez, anunci\u00f3 el presidente Andr\u00e9s Manuel L\u00f3pez Obrador en su conferencia ma\u00f1anera de este lunes en Palacio Nacional.<br><br>&#8220;He tomado la decisi\u00f3n de nombrar como secretaria de gobernaci\u00f3n a Luisa Mar\u00eda Alcalde, actual secretar\u00eda de Trabajo, en sustituci\u00f3n de Ad\u00e1n L\u00f3pez Hern\u00e1ndez, que est\u00e1 en un asunto&#8221;, anunci\u00f3.<br><br>Refiri\u00f3 que empezar\u00e1 sus funciones a media semana, una vez que se ponga de acuerdo con Alejandro Encinas, quien qued\u00f3 como encargado de despacho cuando Ad\u00e1n Augusto L\u00f3pez dej\u00f3 el cargo para contender por la candidatura presidencial de Morena.<br><br>&#8220;Pienso que a mediados de semana ya va a empezar a ponerse de acuerdo con Alejandro Encinas, que es el encargado de despacho. Es joven, es muy importante pensar en el relevo generacional, darle oportunidad a los j\u00f3venes, adem\u00e1s Luisa Mar\u00eda es abogada, ya fue legisladora, muy buen trabajo en la Secretar\u00eda del Trabajo&#8221;, se\u00f1al\u00f3.<br><br>Refiri\u00f3 que Alcalde Luj\u00e1n negoci\u00f3 los aumentos del salario m\u00ednimo que ha habido en el pa\u00eds y en una sola ocasi\u00f3n no alcanz\u00f3 consenso con el sector empresarial.<br><br>&#8220;Con ella se concili\u00f3 para que aumentaran los salarios m\u00ednimos, ha habido cuatro aumentos de salarios m\u00ednimos, que han sido hist\u00f3ricos, porque no aumentaba el salario m\u00ednimo en 50 a\u00f1os&#8221;, dijo.<\/p>\n","protected":false},"excerpt":{"rendered":"<p>Luisa Mar\u00eda Alcalde ser\u00e1 la nueva secretaria de Gobernaci\u00f3n en sustituci\u00f3n de Ad\u00e1n Augusto L\u00f3pez, anunci\u00f3 el presidente Andr\u00e9s Manuel L\u00f3pez Obrador en su conferencia ma\u00f1anera de este lunes en Palacio Nacional. &#8220;He tomado la decisi\u00f3n de nombrar como secretaria de gobernaci\u00f3n a Luisa Mar\u00eda Alcalde, actual secretar\u00eda de Trabajo, en sustituci\u00f3n de Ad\u00e1n L\u00f3pez [&hellip;]<\/p>\n","protected":false},"author":81,"featured_media":265262,"comment_status":"closed","ping_status":"closed","sticky":false,"template":"","format":"standard","meta":{"footnotes":""},"categories":[15,36],"tags":[],"class_list":["post-265261","post","type-post","status-publish","format-standard","has-post-thumbnail","hentry","category-destacadas","category-nacion"],"_links":{"self":[{"href":"https:\/\/plazajuarez.mx\/historico\/wp-json\/wp\/v2\/posts\/265261","targetHints":{"allow":["GET"]}}],"collection":[{"href":"https:\/\/plazajuarez.mx\/historico\/wp-json\/wp\/v2\/posts"}],"about":[{"href":"https:\/\/plazajuarez.mx\/historico\/wp-json\/wp\/v2\/types\/post"}],"author":[{"embeddable":true,"href":"https:\/\/plazajuarez.mx\/historico\/wp-json\/wp\/v2\/users\/81"}],"replies":[{"embeddable":true,"href":"https:\/\/plazajuarez.mx\/historico\/wp-json\/wp\/v2\/comments?post=265261"}],"version-history":[{"count":0,"href":"https:\/\/plazajuarez.mx\/historico\/wp-json\/wp\/v2\/posts\/265261\/revisions"}],"wp:featuredmedia":[{"embeddable":true,"href":"https:\/\/plazajuarez.mx\/historico\/wp-json\/wp\/v2\/media\/265262"}],"wp:attachment":[{"href":"https:\/\/plazajuarez.mx\/historico\/wp-json\/wp\/v2\/media?parent=265261"}],"wp:term":[{"taxonomy":"category","embeddable":true,"href":"https:\/\/plazajuarez.mx\/historico\/wp-json\/wp\/v2\/categories?post=265261"},{"taxonomy":"post_tag","embeddable":true,"href":"https:\/\/plazajuarez.mx\/historico\/wp-json\/wp\/v2\/tags?post=265261"}],"curies":[{"name":"wp","href":"https:\/\/api.w.org\/{rel}","templated":true}]}}